{"id":4709,"date":"2026-08-16T01:22:55","date_gmt":"2026-08-15T23:22:55","guid":{"rendered":"https:\/\/radiorecital.net\/home\/?p=4709"},"modified":"2026-08-16T01:22:57","modified_gmt":"2026-08-15T23:22:57","slug":"frankie-valli-desmiente-los-rumores-de-retiro-a-los-92-anos","status":"publish","type":"post","link":"https:\/\/radiorecital.net\/home\/2026\/08\/16\/frankie-valli-desmiente-los-rumores-de-retiro-a-los-92-anos\/","title":{"rendered":"Frankie Valli desmiente los rumores de retiro a los 92 a\u00f1os"},"content":{"rendered":"\n<p class=\"wp-block-paragraph\">El legendario cantante estadounidense Frankie Valli, voz principal de la emblem\u00e1tica agrupaci\u00f3n Four Seasons, desminti\u00f3 p\u00fablicamente los rumores sobre su retiro de la m\u00fasica. A trav\u00e9s de un conciso mensaje en sus redes sociales oficiales, el m\u00fasico de 92 a\u00f1os asegur\u00f3: \u00abA pesar de lo que hayan escuchado, no estoy retirado\u00bb. De esta manera, el ic\u00f3nico int\u00e9rprete de \u00e9xitos como \u00abCan&#8217;t Take My Eyes Off You\u00bb aclar\u00f3 la confusi\u00f3n generada entre sus fan\u00e1ticos a nivel global.<\/p>\n\n\n\n<!--more-->\n\n\n\n<p class=\"wp-block-paragraph\">La aclaraci\u00f3n del artista ocurri\u00f3 pocas horas despu\u00e9s de que su hermano, Bobby Valli, publicara un mensaje asegurando que la voz de los \u00abJersey Boys\u00bb se alejaba definitivamente de los escenarios para concentrarse en su salud y compartir en familia. Tras el desmentido oficial de Frankie, Bobby se retract\u00f3 p\u00fablicamente, pidiendo disculpas por la falsa alarma y explicando que estuvo mal informado respecto a las intenciones de su hermano.<\/p>\n\n\n\n<blockquote class=\"instagram-media\" data-instgrm-captioned data-instgrm-permalink=\"https:\/\/www.instagram.com\/p\/DcCJCMQFd1f\/?utm_source=ig_embed&amp;utm_campaign=loading\" data-instgrm-version=\"14\" style=\" background:#FFF; border:0; border-radius:3px; box-shadow:0 0 1px 0 rgba(0,0,0,0.5),0 1px 10px 0 rgba(0,0,0,0.15); margin: 1px; max-width:540px; min-width:326px; padding:0; width:99.375%; width:-webkit-calc(100% - 2px); width:calc(100% - 2px);\"><div style=\"padding:16px;\"> <a href=\"https:\/\/www.instagram.com\/p\/DcCJCMQFd1f\/?utm_source=ig_embed&amp;utm_campaign=loading\" style=\" background:#FFFFFF; line-height:0; padding:0 0; text-align:center; text-decoration:none; width:100%;\" target=\"_blank\"> <div style=\" display: flex; flex-direction: row; align-items: center;\"> <div style=\"background-color: #F4F4F4; border-radius: 50%; flex-grow: 0; height: 40px; margin-right: 14px; width: 40px;\"><\/div> <div style=\"display: flex; flex-direction: column; flex-grow: 1; justify-content: center;\"> <div style=\" background-color: #F4F4F4; border-radius: 4px; flex-grow: 0; height: 14px; margin-bottom: 6px; width: 100px;\"><\/div> <div style=\" background-color: #F4F4F4; border-radius: 4px; flex-grow: 0; height: 14px; width: 60px;\"><\/div><\/div><\/div><div style=\"padding: 19% 0;\"><\/div> <div style=\"display:block; height:50px; margin:0 auto 12px; width:50px;\"><svg width=\"50px\" height=\"50px\" viewBox=\"0 0 60 60\" version=\"1.1\" xmlns=\"https:\/\/www.w3.org\/2000\/svg\" xmlns:xlink=\"https:\/\/www.w3.org\/1999\/xlink\"><g stroke=\"none\" stroke-width=\"1\" fill=\"none\" fill-rule=\"evenodd\"><g transform=\"translate(-511.000000, -20.000000)\" fill=\"#000000\"><g><path d=\"M556.869,30.41 C554.814,30.41 553.148,32.076 553.148,34.131 C553.148,36.186 554.814,37.852 556.869,37.852 C558.924,37.852 560.59,36.186 560.59,34.131 C560.59,32.076 558.924,30.41 556.869,30.41 M541,60.657 C535.114,60.657 530.342,55.887 530.342,50 C530.342,44.114 535.114,39.342 541,39.342 C546.887,39.342 551.658,44.114 551.658,50 C551.658,55.887 546.887,60.657 541,60.657 M541,33.886 C532.1,33.886 524.886,41.1 524.886,50 C524.886,58.899 532.1,66.113 541,66.113 C549.9,66.113 557.115,58.899 557.115,50 C557.115,41.1 549.9,33.886 541,33.886 M565.378,62.101 C565.244,65.022 564.756,66.606 564.346,67.663 C563.803,69.06 563.154,70.057 562.106,71.106 C561.058,72.155 560.06,72.803 558.662,73.347 C557.607,73.757 556.021,74.244 553.102,74.378 C549.944,74.521 548.997,74.552 541,74.552 C533.003,74.552 532.056,74.521 528.898,74.378 C525.979,74.244 524.393,73.757 523.338,73.347 C521.94,72.803 520.942,72.155 519.894,71.106 C518.846,70.057 518.197,69.06 517.654,67.663 C517.244,66.606 516.755,65.022 516.623,62.101 C516.479,58.943 516.448,57.996 516.448,50 C516.448,42.003 516.479,41.056 516.623,37.899 C516.755,34.978 517.244,33.391 517.654,32.338 C518.197,30.938 518.846,29.942 519.894,28.894 C520.942,27.846 521.94,27.196 523.338,26.654 C524.393,26.244 525.979,25.756 528.898,25.623 C532.057,25.479 533.004,25.448 541,25.448 C548.997,25.448 549.943,25.479 553.102,25.623 C556.021,25.756 557.607,26.244 558.662,26.654 C560.06,27.196 561.058,27.846 562.106,28.894 C563.154,29.942 563.803,30.938 564.346,32.338 C564.756,33.391 565.244,34.978 565.378,37.899 C565.522,41.056 565.552,42.003 565.552,50 C565.552,57.996 565.522,58.943 565.378,62.101 M570.82,37.631 C570.674,34.438 570.167,32.258 569.425,30.349 C568.659,28.377 567.633,26.702 565.965,25.035 C564.297,23.368 562.623,22.342 560.652,21.575 C558.743,20.834 556.562,20.326 553.369,20.18 C550.169,20.033 549.148,20 541,20 C532.853,20 531.831,20.033 528.631,20.18 C525.438,20.326 523.257,20.834 521.349,21.575 C519.376,22.342 517.703,23.368 516.035,25.035 C514.368,26.702 513.342,28.377 512.574,30.349 C511.834,32.258 511.326,34.438 511.181,37.631 C511.035,40.831 511,41.851 511,50 C511,58.147 511.035,59.17 511.181,62.369 C511.326,65.562 511.834,67.743 512.574,69.651 C513.342,71.625 514.368,73.296 516.035,74.965 C517.703,76.634 519.376,77.658 521.349,78.425 C523.257,79.167 525.438,79.673 528.631,79.82 C531.831,79.965 532.853,80.001 541,80.001 C549.148,80.001 550.169,79.965 553.369,79.82 C556.562,79.673 558.743,79.167 560.652,78.425 C562.623,77.658 564.297,76.634 565.965,74.965 C567.633,73.296 568.659,71.625 569.425,69.651 C570.167,67.743 570.674,65.562 570.82,62.369 C570.966,59.17 571,58.147 571,50 C571,41.851 570.966,40.831 570.82,37.631\"><\/path><\/g><\/g><\/g><\/svg><\/div><div style=\"padding-top: 8px;\"> <div style=\" color:#3897f0; font-family:Arial,sans-serif; font-size:14px; font-style:normal; font-weight:550; line-height:18px;\">Ver esta publicaci\u00f3n en Instagram<\/div><\/div><div style=\"padding: 12.5% 0;\"><\/div> <div style=\"display: flex; flex-direction: row; margin-bottom: 14px; align-items: center;\"><div> <div style=\"background-color: #F4F4F4; border-radius: 50%; height: 12.5px; width: 12.5px; transform: translateX(0px) translateY(7px);\"><\/div> <div style=\"background-color: #F4F4F4; height: 12.5px; transform: rotate(-45deg) translateX(3px) translateY(1px); width: 12.5px; flex-grow: 0; margin-right: 14px; margin-left: 2px;\"><\/div> <div style=\"background-color: #F4F4F4; border-radius: 50%; height: 12.5px; width: 12.5px; transform: translateX(9px) translateY(-18px);\"><\/div><\/div><div style=\"margin-left: 8px;\"> <div style=\" background-color: #F4F4F4; border-radius: 50%; flex-grow: 0; height: 20px; width: 20px;\"><\/div> <div style=\" width: 0; height: 0; border-top: 2px solid transparent; border-left: 6px solid #f4f4f4; border-bottom: 2px solid transparent; transform: translateX(16px) translateY(-4px) rotate(30deg)\"><\/div><\/div><div style=\"margin-left: auto;\"> <div style=\" width: 0px; border-top: 8px solid #F4F4F4; border-right: 8px solid transparent; transform: translateY(16px);\"><\/div> <div style=\" background-color: #F4F4F4; flex-grow: 0; height: 12px; width: 16px; transform: translateY(-4px);\"><\/div> <div style=\" width: 0; height: 0; border-top: 8px solid #F4F4F4; border-left: 8px solid transparent; transform: translateY(-4px) translateX(8px);\"><\/div><\/div><\/div> <div style=\"display: flex; flex-direction: column; flex-grow: 1; justify-content: center; margin-bottom: 24px;\"> <div style=\" background-color: #F4F4F4; border-radius: 4px; flex-grow: 0; height: 14px; margin-bottom: 6px; width: 224px;\"><\/div> <div style=\" background-color: #F4F4F4; border-radius: 4px; flex-grow: 0; height: 14px; width: 144px;\"><\/div><\/div><\/a><p style=\" color:#c9c8cd; font-family:Arial,sans-serif; font-size:14px; line-height:17px; margin-bottom:0; margin-top:8px; overflow:hidden; padding:8px 0 7px; text-align:center; text-overflow:ellipsis; white-space:nowrap;\"><a href=\"https:\/\/www.instagram.com\/p\/DcCJCMQFd1f\/?utm_source=ig_embed&amp;utm_campaign=loading\" style=\" color:#c9c8cd; font-family:Arial,sans-serif; font-size:14px; font-style:normal; font-weight:normal; line-height:17px; text-decoration:none;\" target=\"_blank\">Una publicaci\u00f3n compartida por Frankie Valli (@frankievallifourseasons)<\/a><\/p><\/div><\/blockquote>\n<script async src=\"\/\/www.instagram.com\/embed.js\"><\/script>\n\n\n\n<p class=\"wp-block-paragraph\">Frankie Valli hab\u00eda anunciado en mayo pasado una pausa temporal en su agenda de conciertos para descansar y recuperar su salud, con la promesa de regresar pronto ante su p\u00fablico. A sus 92 a\u00f1os reci\u00e9n cumplidos, la leyenda del pop cl\u00e1sico reafirma su deseo de continuar su ilustre trayectoria art\u00edstica una vez restablecido, disipando cualquier especulaci\u00f3n sobre el final definitivo de su carrera profesional.<\/p>\n\n\n\n<p class=\"has-small-font-size wp-block-paragraph\">*Nota realizada con asistencia de la IA generativa Google Gemini 3 Flash.<\/p>\n","protected":false},"excerpt":{"rendered":"<p>El legendario cantante estadounidense Frankie Valli, voz principal de la emblem\u00e1tica agrupaci\u00f3n Four Seasons, desminti\u00f3 p\u00fablicamente los rumores sobre su retiro de la m\u00fasica. A trav\u00e9s de un conciso mensaje en sus redes sociales oficiales, el m\u00fasico de 92 a\u00f1os asegur\u00f3: \u00abA pesar de lo que hayan escuchado, no estoy retirado\u00bb. De esta manera, el ic\u00f3nico int\u00e9rprete de \u00e9xitos como \u00abCan&#8217;t Take My Eyes Off You\u00bb aclar\u00f3 la confusi\u00f3n generada entre sus fan\u00e1ticos a nivel global.<\/p>\n","protected":false},"author":1,"featured_media":4710,"comment_status":"closed","ping_status":"closed","sticky":false,"template":"","format":"standard","meta":{"site-sidebar-layout":"default","site-content-layout":"","ast-site-content-layout":"default","site-content-style":"default","site-sidebar-style":"default","ast-global-header-display":"","ast-banner-title-visibility":"","ast-main-header-display":"","ast-hfb-above-header-display":"","ast-hfb-below-header-display":"","ast-hfb-mobile-header-display":"","site-post-title":"","ast-breadcrumbs-content":"","ast-featured-img":"","footer-sml-layout":"","ast-disable-related-posts":"","theme-transparent-header-meta":"","adv-header-id-meta":"","stick-header-meta":"","header-above-stick-meta":"","header-main-stick-meta":"","header-below-stick-meta":"","astra-migrate-meta-layouts":"set","ast-page-background-enabled":"default","ast-page-background-meta":{"desktop":{"background-color":"","background-image":"","background-repeat":"repeat","background-position":"center center","background-size":"auto","background-attachment":"scroll","background-type":"","background-media":"","overlay-type":"","overlay-color":"","overlay-opacity":"","overlay-gradient":""},"tablet":{"background-color":"","background-image":"","background-repeat":"repeat","background-position":"center center","background-size":"auto","background-attachment":"scroll","background-type":"","background-media":"","overlay-type":"","overlay-color":"","overlay-opacity":"","overlay-gradient":""},"mobile":{"background-color":"","background-image":"","background-repeat":"repeat","background-position":"center center","background-size":"auto","background-attachment":"scroll","background-type":"","background-media":"","overlay-type":"","overlay-color":"","overlay-opacity":"","overlay-gradient":""}},"ast-content-background-meta":{"desktop":{"background-color":"var(--ast-global-color-5)","background-image":"","background-repeat":"repeat","background-position":"center center","background-size":"auto","background-attachment":"scroll","background-type":"","background-media":"","overlay-type":"","overlay-color":"","overlay-opacity":"","overlay-gradient":""},"tablet":{"background-color":"var(--ast-global-color-5)","background-image":"","background-repeat":"repeat","background-position":"center center","background-size":"auto","background-attachment":"scroll","background-type":"","background-media":"","overlay-type":"","overlay-color":"","overlay-opacity":"","overlay-gradient":""},"mobile":{"background-color":"var(--ast-global-color-5)","background-image":"","background-repeat":"repeat","background-position":"center center","background-size":"auto","background-attachment":"scroll","background-type":"","background-media":"","overlay-type":"","overlay-color":"","overlay-opacity":"","overlay-gradient":""}},"_FSMCFIC_featured_image_caption":"Imagen generada con Leonardo.ai","_FSMCFIC_featured_image_nocaption":"","_FSMCFIC_featured_image_hide":"","footnotes":""},"categories":[28],"tags":[],"class_list":["post-4709","post","type-post","status-publish","format-standard","has-post-thumbnail","hentry","category-news"],"yoast_head":"<!-- This site is optimized with the Yoast SEO plugin v28.4 - https:\/\/yoast.com\/product\/yoast-seo-wordpress\/ -->\n<title>Frankie Valli desmiente los rumores de retiro a los 92 a\u00f1os | Radio Recital<\/title>\n<meta name=\"description\" content=\"El legendario cantante estadounidense Frankie Valli, voz principal de la emblem\u00e1tica agrupaci\u00f3n Four Seasons, desminti\u00f3 p\u00fablicamente los rumores sobre su retiro de la m\u00fasica.\" \/>\n<meta name=\"robots\" content=\"index, follow, max-snippet:-1, max-image-preview:large, max-video-preview:-1\" \/>\n<link rel=\"canonical\" href=\"https:\/\/radiorecital.net\/home\/2026\/08\/16\/frankie-valli-desmiente-los-rumores-de-retiro-a-los-92-anos\/\" \/>\n<meta property=\"og:locale\" content=\"es_ES\" \/>\n<meta property=\"og:type\" content=\"article\" \/>\n<meta property=\"og:title\" content=\"Frankie Valli desmiente los rumores de retiro a los 92 a\u00f1os | Radio Recital\" \/>\n<meta property=\"og:description\" content=\"El legendario cantante estadounidense Frankie Valli, voz principal de la emblem\u00e1tica agrupaci\u00f3n Four Seasons, desminti\u00f3 p\u00fablicamente los rumores sobre su retiro de la m\u00fasica.\" \/>\n<meta property=\"og:url\" content=\"https:\/\/radiorecital.net\/home\/2026\/08\/16\/frankie-valli-desmiente-los-rumores-de-retiro-a-los-92-anos\/\" \/>\n<meta property=\"og:site_name\" content=\"Radio Recital\" \/>\n<meta property=\"article:publisher\" content=\"https:\/\/www.facebook.com\/radiorecital\" \/>\n<meta property=\"article:published_time\" content=\"2026-08-15T23:22:55+00:00\" \/>\n<meta property=\"article:modified_time\" content=\"2026-08-15T23:22:57+00:00\" \/>\n<meta property=\"og:image\" content=\"https:\/\/radiorecital.net\/home\/wp-content\/uploads\/2026\/08\/lucid-origin_An_editorial_news_photograph_of_veteran_pop_legend_Frankie_Valli_performing_live-0.jpg\" \/>\n\t<meta property=\"og:image:width\" content=\"1344\" \/>\n\t<meta property=\"og:image:height\" content=\"768\" \/>\n\t<meta property=\"og:image:type\" content=\"image\/jpeg\" \/>\n<meta name=\"author\" content=\"Radio Recital\" \/>\n<meta name=\"twitter:card\" content=\"summary_large_image\" \/>\n<meta name=\"twitter:creator\" content=\"@radiorecital\" \/>\n<meta name=\"twitter:site\" content=\"@radiorecital\" \/>\n<meta name=\"twitter:label1\" content=\"Escrito por\" \/>\n\t<meta name=\"twitter:data1\" content=\"Radio Recital\" \/>\n\t<meta name=\"twitter:label2\" content=\"Tiempo de lectura\" \/>\n\t<meta name=\"twitter:data2\" content=\"2 minutos\" \/>\n<script type=\"application\/ld+json\" class=\"yoast-schema-graph\">{\"@context\":\"https:\\\/\\\/schema.org\",\"@graph\":[{\"@type\":\"Article\",\"@id\":\"https:\\\/\\\/radiorecital.net\\\/home\\\/2026\\\/08\\\/16\\\/frankie-valli-desmiente-los-rumores-de-retiro-a-los-92-anos\\\/#article\",\"isPartOf\":{\"@id\":\"https:\\\/\\\/radiorecital.net\\\/home\\\/2026\\\/08\\\/16\\\/frankie-valli-desmiente-los-rumores-de-retiro-a-los-92-anos\\\/\"},\"author\":{\"name\":\"Radio Recital\",\"@id\":\"https:\\\/\\\/radiorecital.net\\\/home\\\/#\\\/schema\\\/person\\\/99e2bfb58c646d342d061c023de0994e\"},\"headline\":\"Frankie Valli desmiente los rumores de retiro a los 92 a\u00f1os\",\"datePublished\":\"2026-08-15T23:22:55+00:00\",\"dateModified\":\"2026-08-15T23:22:57+00:00\",\"mainEntityOfPage\":{\"@id\":\"https:\\\/\\\/radiorecital.net\\\/home\\\/2026\\\/08\\\/16\\\/frankie-valli-desmiente-los-rumores-de-retiro-a-los-92-anos\\\/\"},\"wordCount\":265,\"publisher\":{\"@id\":\"https:\\\/\\\/radiorecital.net\\\/home\\\/#organization\"},\"image\":{\"@id\":\"https:\\\/\\\/radiorecital.net\\\/home\\\/2026\\\/08\\\/16\\\/frankie-valli-desmiente-los-rumores-de-retiro-a-los-92-anos\\\/#primaryimage\"},\"thumbnailUrl\":\"https:\\\/\\\/radiorecital.net\\\/home\\\/wp-content\\\/uploads\\\/2026\\\/08\\\/lucid-origin_An_editorial_news_photograph_of_veteran_pop_legend_Frankie_Valli_performing_live-0.jpg\",\"articleSection\":[\"Noticias\"],\"inLanguage\":\"es\"},{\"@type\":\"WebPage\",\"@id\":\"https:\\\/\\\/radiorecital.net\\\/home\\\/2026\\\/08\\\/16\\\/frankie-valli-desmiente-los-rumores-de-retiro-a-los-92-anos\\\/\",\"url\":\"https:\\\/\\\/radiorecital.net\\\/home\\\/2026\\\/08\\\/16\\\/frankie-valli-desmiente-los-rumores-de-retiro-a-los-92-anos\\\/\",\"name\":\"Frankie Valli desmiente los rumores de retiro a los 92 a\u00f1os | Radio Recital\",\"isPartOf\":{\"@id\":\"https:\\\/\\\/radiorecital.net\\\/home\\\/#website\"},\"primaryImageOfPage\":{\"@id\":\"https:\\\/\\\/radiorecital.net\\\/home\\\/2026\\\/08\\\/16\\\/frankie-valli-desmiente-los-rumores-de-retiro-a-los-92-anos\\\/#primaryimage\"},\"image\":{\"@id\":\"https:\\\/\\\/radiorecital.net\\\/home\\\/2026\\\/08\\\/16\\\/frankie-valli-desmiente-los-rumores-de-retiro-a-los-92-anos\\\/#primaryimage\"},\"thumbnailUrl\":\"https:\\\/\\\/radiorecital.net\\\/home\\\/wp-content\\\/uploads\\\/2026\\\/08\\\/lucid-origin_An_editorial_news_photograph_of_veteran_pop_legend_Frankie_Valli_performing_live-0.jpg\",\"datePublished\":\"2026-08-15T23:22:55+00:00\",\"dateModified\":\"2026-08-15T23:22:57+00:00\",\"description\":\"El legendario cantante estadounidense Frankie Valli, voz principal de la emblem\u00e1tica agrupaci\u00f3n Four Seasons, desminti\u00f3 p\u00fablicamente los rumores sobre su retiro de la m\u00fasica.\",\"breadcrumb\":{\"@id\":\"https:\\\/\\\/radiorecital.net\\\/home\\\/2026\\\/08\\\/16\\\/frankie-valli-desmiente-los-rumores-de-retiro-a-los-92-anos\\\/#breadcrumb\"},\"inLanguage\":\"es\",\"potentialAction\":[{\"@type\":\"ReadAction\",\"target\":[\"https:\\\/\\\/radiorecital.net\\\/home\\\/2026\\\/08\\\/16\\\/frankie-valli-desmiente-los-rumores-de-retiro-a-los-92-anos\\\/\"]}]},{\"@type\":\"ImageObject\",\"inLanguage\":\"es\",\"@id\":\"https:\\\/\\\/radiorecital.net\\\/home\\\/2026\\\/08\\\/16\\\/frankie-valli-desmiente-los-rumores-de-retiro-a-los-92-anos\\\/#primaryimage\",\"url\":\"https:\\\/\\\/radiorecital.net\\\/home\\\/wp-content\\\/uploads\\\/2026\\\/08\\\/lucid-origin_An_editorial_news_photograph_of_veteran_pop_legend_Frankie_Valli_performing_live-0.jpg\",\"contentUrl\":\"https:\\\/\\\/radiorecital.net\\\/home\\\/wp-content\\\/uploads\\\/2026\\\/08\\\/lucid-origin_An_editorial_news_photograph_of_veteran_pop_legend_Frankie_Valli_performing_live-0.jpg\",\"width\":1344,\"height\":768},{\"@type\":\"BreadcrumbList\",\"@id\":\"https:\\\/\\\/radiorecital.net\\\/home\\\/2026\\\/08\\\/16\\\/frankie-valli-desmiente-los-rumores-de-retiro-a-los-92-anos\\\/#breadcrumb\",\"itemListElement\":[{\"@type\":\"ListItem\",\"position\":1,\"name\":\"Portada\",\"item\":\"https:\\\/\\\/radiorecital.net\\\/home\\\/\"},{\"@type\":\"ListItem\",\"position\":2,\"name\":\"Frankie Valli desmiente los rumores de retiro a los 92 a\u00f1os\"}]},{\"@type\":\"WebSite\",\"@id\":\"https:\\\/\\\/radiorecital.net\\\/home\\\/#website\",\"url\":\"https:\\\/\\\/radiorecital.net\\\/home\\\/\",\"name\":\"Radio Recital\",\"description\":\"Donde vive la buena m\u00fasica\",\"publisher\":{\"@id\":\"https:\\\/\\\/radiorecital.net\\\/home\\\/#organization\"},\"alternateName\":\"Recital\",\"potentialAction\":[{\"@type\":\"SearchAction\",\"target\":{\"@type\":\"EntryPoint\",\"urlTemplate\":\"https:\\\/\\\/radiorecital.net\\\/home\\\/?s={search_term_string}\"},\"query-input\":{\"@type\":\"PropertyValueSpecification\",\"valueRequired\":true,\"valueName\":\"search_term_string\"}}],\"inLanguage\":\"es\"},{\"@type\":\"Organization\",\"@id\":\"https:\\\/\\\/radiorecital.net\\\/home\\\/#organization\",\"name\":\"Radio Recital\",\"alternateName\":\"Recital\",\"url\":\"https:\\\/\\\/radiorecital.net\\\/home\\\/\",\"logo\":{\"@type\":\"ImageObject\",\"inLanguage\":\"es\",\"@id\":\"https:\\\/\\\/radiorecital.net\\\/home\\\/#\\\/schema\\\/logo\\\/image\\\/\",\"url\":\"https:\\\/\\\/radiorecital.net\\\/home\\\/wp-content\\\/uploads\\\/2023\\\/08\\\/cropped-logo-web.avif\",\"contentUrl\":\"https:\\\/\\\/radiorecital.net\\\/home\\\/wp-content\\\/uploads\\\/2023\\\/08\\\/cropped-logo-web.avif\",\"width\":350,\"height\":100,\"caption\":\"Radio Recital\"},\"image\":{\"@id\":\"https:\\\/\\\/radiorecital.net\\\/home\\\/#\\\/schema\\\/logo\\\/image\\\/\"},\"sameAs\":[\"https:\\\/\\\/www.facebook.com\\\/radiorecital\",\"https:\\\/\\\/x.com\\\/radiorecital\",\"https:\\\/\\\/www.twitch.tv\\\/radiorecital\",\"https:\\\/\\\/open.spotify.com\\\/user\\\/s67u6ltf7qsyj64doukwz5kxu\"]},{\"@type\":\"Person\",\"@id\":\"https:\\\/\\\/radiorecital.net\\\/home\\\/#\\\/schema\\\/person\\\/99e2bfb58c646d342d061c023de0994e\",\"name\":\"Radio Recital\",\"image\":{\"@type\":\"ImageObject\",\"inLanguage\":\"es\",\"@id\":\"https:\\\/\\\/secure.gravatar.com\\\/avatar\\\/258e1264b7db9f688b80233503ced7bfdf065923ca996a5c58a77af9bec9961a?s=96&d=mm&r=g\",\"url\":\"https:\\\/\\\/secure.gravatar.com\\\/avatar\\\/258e1264b7db9f688b80233503ced7bfdf065923ca996a5c58a77af9bec9961a?s=96&d=mm&r=g\",\"contentUrl\":\"https:\\\/\\\/secure.gravatar.com\\\/avatar\\\/258e1264b7db9f688b80233503ced7bfdf065923ca996a5c58a77af9bec9961a?s=96&d=mm&r=g\",\"caption\":\"Radio Recital\"},\"sameAs\":[\"http:\\\/\\\/radiorecital.net\\\/home\"],\"url\":\"https:\\\/\\\/radiorecital.net\\\/home\\\/author\\\/admin_recital\\\/\"}]}<\/script>\n<!-- \/ Yoast SEO plugin. -->","yoast_head_json":{"title":"Frankie Valli desmiente los rumores de retiro a los 92 a\u00f1os | Radio Recital","description":"El legendario cantante estadounidense Frankie Valli, voz principal de la emblem\u00e1tica agrupaci\u00f3n Four Seasons, desminti\u00f3 p\u00fablicamente los rumores sobre su retiro de la m\u00fasica.","robots":{"index":"index","follow":"follow","max-snippet":"max-snippet:-1","max-image-preview":"max-image-preview:large","max-video-preview":"max-video-preview:-1"},"canonical":"https:\/\/radiorecital.net\/home\/2026\/08\/16\/frankie-valli-desmiente-los-rumores-de-retiro-a-los-92-anos\/","og_locale":"es_ES","og_type":"article","og_title":"Frankie Valli desmiente los rumores de retiro a los 92 a\u00f1os | Radio Recital","og_description":"El legendario cantante estadounidense Frankie Valli, voz principal de la emblem\u00e1tica agrupaci\u00f3n Four Seasons, desminti\u00f3 p\u00fablicamente los rumores sobre su retiro de la m\u00fasica.","og_url":"https:\/\/radiorecital.net\/home\/2026\/08\/16\/frankie-valli-desmiente-los-rumores-de-retiro-a-los-92-anos\/","og_site_name":"Radio Recital","article_publisher":"https:\/\/www.facebook.com\/radiorecital","article_published_time":"2026-08-15T23:22:55+00:00","article_modified_time":"2026-08-15T23:22:57+00:00","og_image":[{"width":1344,"height":768,"url":"https:\/\/radiorecital.net\/home\/wp-content\/uploads\/2026\/08\/lucid-origin_An_editorial_news_photograph_of_veteran_pop_legend_Frankie_Valli_performing_live-0.jpg","type":"image\/jpeg"}],"author":"Radio Recital","twitter_card":"summary_large_image","twitter_creator":"@radiorecital","twitter_site":"@radiorecital","twitter_misc":{"Escrito por":"Radio Recital","Tiempo de lectura":"2 minutos"},"schema":{"@context":"https:\/\/schema.org","@graph":[{"@type":"Article","@id":"https:\/\/radiorecital.net\/home\/2026\/08\/16\/frankie-valli-desmiente-los-rumores-de-retiro-a-los-92-anos\/#article","isPartOf":{"@id":"https:\/\/radiorecital.net\/home\/2026\/08\/16\/frankie-valli-desmiente-los-rumores-de-retiro-a-los-92-anos\/"},"author":{"name":"Radio Recital","@id":"https:\/\/radiorecital.net\/home\/#\/schema\/person\/99e2bfb58c646d342d061c023de0994e"},"headline":"Frankie Valli desmiente los rumores de retiro a los 92 a\u00f1os","datePublished":"2026-08-15T23:22:55+00:00","dateModified":"2026-08-15T23:22:57+00:00","mainEntityOfPage":{"@id":"https:\/\/radiorecital.net\/home\/2026\/08\/16\/frankie-valli-desmiente-los-rumores-de-retiro-a-los-92-anos\/"},"wordCount":265,"publisher":{"@id":"https:\/\/radiorecital.net\/home\/#organization"},"image":{"@id":"https:\/\/radiorecital.net\/home\/2026\/08\/16\/frankie-valli-desmiente-los-rumores-de-retiro-a-los-92-anos\/#primaryimage"},"thumbnailUrl":"https:\/\/radiorecital.net\/home\/wp-content\/uploads\/2026\/08\/lucid-origin_An_editorial_news_photograph_of_veteran_pop_legend_Frankie_Valli_performing_live-0.jpg","articleSection":["Noticias"],"inLanguage":"es"},{"@type":"WebPage","@id":"https:\/\/radiorecital.net\/home\/2026\/08\/16\/frankie-valli-desmiente-los-rumores-de-retiro-a-los-92-anos\/","url":"https:\/\/radiorecital.net\/home\/2026\/08\/16\/frankie-valli-desmiente-los-rumores-de-retiro-a-los-92-anos\/","name":"Frankie Valli desmiente los rumores de retiro a los 92 a\u00f1os | Radio Recital","isPartOf":{"@id":"https:\/\/radiorecital.net\/home\/#website"},"primaryImageOfPage":{"@id":"https:\/\/radiorecital.net\/home\/2026\/08\/16\/frankie-valli-desmiente-los-rumores-de-retiro-a-los-92-anos\/#primaryimage"},"image":{"@id":"https:\/\/radiorecital.net\/home\/2026\/08\/16\/frankie-valli-desmiente-los-rumores-de-retiro-a-los-92-anos\/#primaryimage"},"thumbnailUrl":"https:\/\/radiorecital.net\/home\/wp-content\/uploads\/2026\/08\/lucid-origin_An_editorial_news_photograph_of_veteran_pop_legend_Frankie_Valli_performing_live-0.jpg","datePublished":"2026-08-15T23:22:55+00:00","dateModified":"2026-08-15T23:22:57+00:00","description":"El legendario cantante estadounidense Frankie Valli, voz principal de la emblem\u00e1tica agrupaci\u00f3n Four Seasons, desminti\u00f3 p\u00fablicamente los rumores sobre su retiro de la m\u00fasica.","breadcrumb":{"@id":"https:\/\/radiorecital.net\/home\/2026\/08\/16\/frankie-valli-desmiente-los-rumores-de-retiro-a-los-92-anos\/#breadcrumb"},"inLanguage":"es","potentialAction":[{"@type":"ReadAction","target":["https:\/\/radiorecital.net\/home\/2026\/08\/16\/frankie-valli-desmiente-los-rumores-de-retiro-a-los-92-anos\/"]}]},{"@type":"ImageObject","inLanguage":"es","@id":"https:\/\/radiorecital.net\/home\/2026\/08\/16\/frankie-valli-desmiente-los-rumores-de-retiro-a-los-92-anos\/#primaryimage","url":"https:\/\/radiorecital.net\/home\/wp-content\/uploads\/2026\/08\/lucid-origin_An_editorial_news_photograph_of_veteran_pop_legend_Frankie_Valli_performing_live-0.jpg","contentUrl":"https:\/\/radiorecital.net\/home\/wp-content\/uploads\/2026\/08\/lucid-origin_An_editorial_news_photograph_of_veteran_pop_legend_Frankie_Valli_performing_live-0.jpg","width":1344,"height":768},{"@type":"BreadcrumbList","@id":"https:\/\/radiorecital.net\/home\/2026\/08\/16\/frankie-valli-desmiente-los-rumores-de-retiro-a-los-92-anos\/#breadcrumb","itemListElement":[{"@type":"ListItem","position":1,"name":"Portada","item":"https:\/\/radiorecital.net\/home\/"},{"@type":"ListItem","position":2,"name":"Frankie Valli desmiente los rumores de retiro a los 92 a\u00f1os"}]},{"@type":"WebSite","@id":"https:\/\/radiorecital.net\/home\/#website","url":"https:\/\/radiorecital.net\/home\/","name":"Radio Recital","description":"Donde vive la buena m\u00fasica","publisher":{"@id":"https:\/\/radiorecital.net\/home\/#organization"},"alternateName":"Recital","potentialAction":[{"@type":"SearchAction","target":{"@type":"EntryPoint","urlTemplate":"https:\/\/radiorecital.net\/home\/?s={search_term_string}"},"query-input":{"@type":"PropertyValueSpecification","valueRequired":true,"valueName":"search_term_string"}}],"inLanguage":"es"},{"@type":"Organization","@id":"https:\/\/radiorecital.net\/home\/#organization","name":"Radio Recital","alternateName":"Recital","url":"https:\/\/radiorecital.net\/home\/","logo":{"@type":"ImageObject","inLanguage":"es","@id":"https:\/\/radiorecital.net\/home\/#\/schema\/logo\/image\/","url":"https:\/\/radiorecital.net\/home\/wp-content\/uploads\/2023\/08\/cropped-logo-web.avif","contentUrl":"https:\/\/radiorecital.net\/home\/wp-content\/uploads\/2023\/08\/cropped-logo-web.avif","width":350,"height":100,"caption":"Radio Recital"},"image":{"@id":"https:\/\/radiorecital.net\/home\/#\/schema\/logo\/image\/"},"sameAs":["https:\/\/www.facebook.com\/radiorecital","https:\/\/x.com\/radiorecital","https:\/\/www.twitch.tv\/radiorecital","https:\/\/open.spotify.com\/user\/s67u6ltf7qsyj64doukwz5kxu"]},{"@type":"Person","@id":"https:\/\/radiorecital.net\/home\/#\/schema\/person\/99e2bfb58c646d342d061c023de0994e","name":"Radio Recital","image":{"@type":"ImageObject","inLanguage":"es","@id":"https:\/\/secure.gravatar.com\/avatar\/258e1264b7db9f688b80233503ced7bfdf065923ca996a5c58a77af9bec9961a?s=96&d=mm&r=g","url":"https:\/\/secure.gravatar.com\/avatar\/258e1264b7db9f688b80233503ced7bfdf065923ca996a5c58a77af9bec9961a?s=96&d=mm&r=g","contentUrl":"https:\/\/secure.gravatar.com\/avatar\/258e1264b7db9f688b80233503ced7bfdf065923ca996a5c58a77af9bec9961a?s=96&d=mm&r=g","caption":"Radio Recital"},"sameAs":["http:\/\/radiorecital.net\/home"],"url":"https:\/\/radiorecital.net\/home\/author\/admin_recital\/"}]}},"_links":{"self":[{"href":"https:\/\/radiorecital.net\/home\/wp-json\/wp\/v2\/posts\/4709","targetHints":{"allow":["GET"]}}],"collection":[{"href":"https:\/\/radiorecital.net\/home\/wp-json\/wp\/v2\/posts"}],"about":[{"href":"https:\/\/radiorecital.net\/home\/wp-json\/wp\/v2\/types\/post"}],"author":[{"embeddable":true,"href":"https:\/\/radiorecital.net\/home\/wp-json\/wp\/v2\/users\/1"}],"replies":[{"embeddable":true,"href":"https:\/\/radiorecital.net\/home\/wp-json\/wp\/v2\/comments?post=4709"}],"version-history":[{"count":1,"href":"https:\/\/radiorecital.net\/home\/wp-json\/wp\/v2\/posts\/4709\/revisions"}],"predecessor-version":[{"id":4711,"href":"https:\/\/radiorecital.net\/home\/wp-json\/wp\/v2\/posts\/4709\/revisions\/4711"}],"wp:featuredmedia":[{"embeddable":true,"href":"https:\/\/radiorecital.net\/home\/wp-json\/wp\/v2\/media\/4710"}],"wp:attachment":[{"href":"https:\/\/radiorecital.net\/home\/wp-json\/wp\/v2\/media?parent=4709"}],"wp:term":[{"taxonomy":"category","embeddable":true,"href":"https:\/\/radiorecital.net\/home\/wp-json\/wp\/v2\/categories?post=4709"},{"taxonomy":"post_tag","embeddable":true,"href":"https:\/\/radiorecital.net\/home\/wp-json\/wp\/v2\/tags?post=4709"}],"curies":[{"name":"wp","href":"https:\/\/api.w.org\/{rel}","templated":true}]}}