{"id":1718,"date":"2024-04-02T23:05:58","date_gmt":"2024-04-02T21:05:58","guid":{"rendered":"https:\/\/radiorecital.net\/home\/?p=1718"},"modified":"2025-03-15T05:47:30","modified_gmt":"2025-03-15T04:47:30","slug":"podcast-semana-santa-la-musica-homenajea-a-dios","status":"publish","type":"post","link":"https:\/\/radiorecital.net\/home\/2024\/04\/02\/podcast-semana-santa-la-musica-homenajea-a-dios\/","title":{"rendered":"Semana Santa: La m\u00fasica homenajea a dios"},"content":{"rendered":"\n<p>En S\u00e1bado santo Mat\u00edas Llanca nos acompa\u00f1\u00f3 con un especial titulado: \u00abLa m\u00fasica homenajea a dios\u00bb con 12 canciones que hablan sobre dios. Un especial imperdible y que fue parte de nuestra programaci\u00f3n de Semana Santa en Radio Recital.<\/p>\n\n\n\n<!--more-->\n\n\n<div id=\"sonaar_music_67\"><div class=\"sonaar_audioplayer_block_cover\"><article id=\"arbitrary-instance-69f1f657862df\" class=\"iron_widget_radio\"><div class=\"iron-audioplayer  playlist_has_no_ctas\" id=\"arbitrary-instance-69f1f657862df-53317eb4e7\" data-id=\"arbitrary-instance-69f1f657862df\" data-track-sw-cursor=\"\" data-lazyload=\"\" data-albums=\"2175\" data-category=\"\" data-url-playlist=\"https:\/\/radiorecital.net\/home\/?load=playlist.json&#038;title=&#038;albums=2175&#038;category=&#038;posts_not_in=&#038;category_not_in=&#038;author=&#038;feed_title=&#038;feed=&#038;feed_img=&#038;el_widget_id=&#038;artwork=&#038;posts_per_pages=-1&#038;all_category=&#038;single_playlist=&#038;reverse_tracklist=&#038;audio_meta_field=&#038;repeater_meta_field=&#038;import_file=&#038;rss_items=-1&#038;rss_item_title=&#038;is_favorite=&#038;is_recentlyplayed=&#038;srp_order=date_DESC\" data-sticky-player=\"\" data-shuffle=\"false\" data-playlist_title=\"\" data-scrollbar=\"\" data-wave-color=\"\" data-wave-progress-color=\"\" data-spectro=\"\" data-no-wave=\"\" data-hide-progressbar=\"\" data-progress-bar-style=\"\"data-feedurl=\"0\" data-notrackskip=\"\" data-no-loop-tracklist=\"\" data-playertemplate =\"skin_boxed_tracklist\" data-hide-artwork =\"\" data-speedrate=\"1\"  data-tracks-per-page=\"\" data-pagination_scroll_offset=\"\" data-adaptive-colors=\"\" data-adaptive-colors-freeze=\"\" style=\"opacity:0;\"><div class=\"srp_player_boxed srp_player_grid\"><div class=\"sonaar-Artwort-box \">\n                <div class=\"control\">\n                    \n                <\/div>\n                <div class=\"album\">\n                    <div class=\"album-art\">\n                        <img alt=\"album-art\">\n                    <\/div>\n                <\/div>\n                <\/div><div class=\"album-player sr_waveform_mediaElement\"><div class=\"srp_miniplayer_metas\"><div class=\" srp_meta srp_meta_0 track-title\" data-prefix=\"\" aria-label=\"Track title\"><\/div><\/div><div class=\"srp_subtitle\"><\/div><div class=\"srp_player_meta\"><\/div><div class=\"srp_control_box\">\n            <div role=\"button\" tabindex=\"0\" class=\"srp-play-button play\" href=\"#\" aria-label=\"Play\">\n                <i class=\"sricon-play\"><\/i>\n                <div class=\"srp-play-circle\"><\/div>\n            <\/div><div class=\"srp_wave_box\"> <div class=\"player \" ><div class=\"sr_progressbar\">\n                \n            <div class=\"currentTime\">00:00<\/div>\n         \n                <div id=\"arbitrary-instance-69f1f657862df-a4c0bcd8a3-wave\" class=\"wave\" >\n                 \n        <div class=\"sonaar_fake_wave\" style=\"height:70px\"> \n            <audio src=\"\" class=\"sonaar_media_element\"><\/audio> \n            <div class=\"sonaar_wave_base\"> \n                <canvas id=\"sonaar_wave_base_canvas\" class=\"\" height=\"70\" width=\"2540\"><\/canvas> \n                <svg><\/svg> \n            <\/div> \n            <div class=\"sonaar_wave_cut\"> \n                <canvas id=\"sonaar_wave_cut_canvas\" class=\"\" height=\"70\" width=\"2540\"><\/canvas> \n                <svg><\/svg> \n            <\/div> \n        <\/div> \n                <\/div>\n                \n            <div class=\"totalTime\"><\/div>\n         \n             <\/div><\/div><div class=\"srp_main_control\"><div class=\"control\"><div role=\"button\" tabindex=\"0\" class=\"play\" style=\"opacity:0;\" aria-label=\"Play\" title=\"Play\/Pause\">\n                <i class=\"sricon-play\"><\/i>\n            <\/div><div class=\"srp_track_cta\"><\/div><\/div><\/div><\/div><\/div><\/div><\/div><div class=\"playlist sr_waveform_mediaElement\"  id=\"playlist_arbitrary-instance-69f1f657862df\"><div class=\"srp_tracklist\"><ul class=\"srp_list\"><li \n            class=\"sr-playlist-item\" \n            data-audiopath=\"https:\/\/radiorecital.net\/media\/Especial%20la%20musica%20homenajea%20a%20dios.mp3\"\n            data-showloading=\"1\"\n            data-albumTitle=\"Semana Santa: La m\u00fasica homenajea a dios\"\n            data-albumArt=\"https:\/\/radiorecital.net\/home\/wp-content\/uploads\/2024\/08\/afiche-caratula-homenaje-musica-1024x1024.png\"\n            data-releasedate=\"\"\n            data-date=\"2024\/08\/11\"\n            data-date-formated=\"11 de agosto de 2024\"\n            data-show-date=\"\"\n            data-trackTitle=\"Semana Santa: La m\u00fasica homenajea a dios\"\n            data-artist=\"Radio Recital\"\n            data-trackID=\"\"\n            data-trackTime=\"\"\n            data-relatedTrack=\"\"\n            data-post-url=\"\"\n            data-post-id=\"2175\"\n            data-track-pos=\"0\"\n            data-peakFile=\"\"\n            data-peakFile-allow=\"\"\n            data-is-preview=\"\"\n            data-track-lyric=\"\" data-icecast_json=\"\" data-icecast_mount=\"\"><div class=\"sr-playlist-item-flex\"><span class=\"store-list\"><\/span><\/div><div class=\"srp_track_description\"><\/div><\/li><\/ul><\/div><\/div><div class=\"album-store\"><\/div><\/div><script id=\"srp_js_params_69f1f657862df\">\n        var srp_player_params_69f1f657862df = {\"title\":\"\",\"store_title_text\":\"\",\"albums\":\"2175\",\"hide_artwork\":\"\",\"sticky_player\":\"\",\"show_album_market\":\"1\",\"show_track_market\":\"1\",\"hide_timeline\":\"\",\"titletag_soundwave\":\"div\",\"titletag_playlist\":\"h3\",\"show_playlist\":\"\",\"wave_color\":\"\",\"wave_progress_color\":\"\",\"shuffle\":\"\",\"reverse_tracklist\":\"\",\"searchbar\":\"false\",\"track_desc_lenght\":\"55\",\"strip_html_track_desc\":\"true\",\"player_layout\":\"skin_boxed_tracklist\",\"hide_progressbar\":\"false\",\"use_play_label\":\"false\",\"use_play_label_with_icon\":\"false\",\"orderby\":\"date\",\"order\":\"DESC\",\"main_settings\":\"||\"} \n        var srp_player_params_args_69f1f657862df = {\"before_widget\":\"<article id=\\\"arbitrary-instance-69f1f657862df\\\" class=\\\"iron_widget_radio\\\">\",\"after_widget\":\"<\\\/article>\",\"before_title\":\"<span class='heading-t3'><\\\/span><h3 class=\\\"widgettitle\\\">\",\"after_title\":\"<\\\/h3>\",\"widget_id\":\"arbitrary-instance-69f1f657862df\"}  \n        <\/script><script>if(typeof setIronAudioplayers !== \"undefined\"){ setIronAudioplayers(\"arbitrary-instance-69f1f657862df\"); }<\/script><\/article><\/div><\/div>\n\n\n<div style=\"height:17px\" aria-hidden=\"true\" class=\"wp-block-spacer\"><\/div>\n\n\n\n<p id=\"block-aa53fa11-6b72-47a3-8330-8be11c45767b\">Como todos los a\u00f1os, Radio Recital le ofrece un especial de semana santa donde reflexionamos sobre lo que significa para el mundo el sacrificio de nuestro se\u00f1or Jesucristo, para el perd\u00f3n de nuestros pecados, como siempre en la sinton\u00eda internacional de <a href=\"https:\/\/www.radiorecital.net\/\"><strong>Radio Recital<\/strong><\/a>, donde vive la buena m\u00fasica.<\/p>\n\n\n\n<p id=\"block-ca4753b8-759a-4509-8d1a-ef4ef5325f99\">Si usted lo desea puede revisar la<strong> <a href=\"https:\/\/radiorecital.net\/home\/programacion\/\">programaci\u00f3n<\/a><\/strong> semanal de Radio Recital para descubrir nuestra amplia gama de programas, y as\u00ed no perderse ning\u00fan minuto de nuestra programaci\u00f3n en Recital<\/p>\n\n\n\n<p id=\"block-16f62f22-414b-45f1-9473-670a37cbf129\"><em><strong>Escuche en directo Radio Recital, la radio donde vive la buena m\u00fasica. Si lo desea&nbsp;<em><strong>puede<\/strong><\/em>&nbsp;escuchar nuestra se\u00f1al en su dispositivos m\u00f3viles, puede hacerlo en nuestra&nbsp;<a href=\"https:\/\/play.google.com\/store\/apps\/details?id=radio.recital\">aplicaci\u00f3n para Android<\/a>. Si su dispositivo es IOS, puede usar la aplicaci\u00f3n de <a href=\"https:\/\/music.apple.com\/cl\/station\/radio-recital\/ra.1461611869?ls\">Apple Music<\/a> y tambi\u00e9n la aplicaci\u00f3n&nbsp;<a href=\"http:\/\/tun.in\/sfwa3\">Tune In Radio<\/a><\/strong><\/em> <strong>ambas disponibles para dispositivos Iphone.<\/strong><\/p>\n\n\n\n<p id=\"block-82a8235b-8b97-4e46-b2ed-c37af4b51ea1\"><em><strong>Y recuerde, en www.radiorecital.net encuentra siempre las mejores historias, el entretenimiento y, sobre todo, la buena m\u00fasica y los grandes cl\u00e1sicos de la m\u00fasica universal que no puede encontrar en otro lugar.<\/strong><\/em><\/p>\n\n\n\n<div style=\"height:100px\" aria-hidden=\"true\" class=\"wp-block-spacer\"><\/div>\n","protected":false},"excerpt":{"rendered":"<p>En S\u00e1bado santo Mat\u00edas Llanca nos acompa\u00f1\u00f3 con un especial titulado: \u00abLa m\u00fasica homenajea a dios\u00bb con 12 canciones que hablan sobre dios. Un especial imperdible y que fue parte de nuestra programaci\u00f3n de Semana Santa en Radio Recital.<\/p>\n","protected":false},"author":1,"featured_media":1745,"comment_status":"closed","ping_status":"closed","sticky":false,"template":"","format":"standard","meta":{"site-sidebar-layout":"default","site-content-layout":"","ast-site-content-layout":"default","site-content-style":"default","site-sidebar-style":"default","ast-global-header-display":"","ast-banner-title-visibility":"","ast-main-header-display":"","ast-hfb-above-header-display":"","ast-hfb-below-header-display":"","ast-hfb-mobile-header-display":"","site-post-title":"","ast-breadcrumbs-content":"","ast-featured-img":"","footer-sml-layout":"","ast-disable-related-posts":"","theme-transparent-header-meta":"","adv-header-id-meta":"","stick-header-meta":"","header-above-stick-meta":"","header-main-stick-meta":"","header-below-stick-meta":"","astra-migrate-meta-layouts":"set","ast-page-background-enabled":"default","ast-page-background-meta":{"desktop":{"background-color":"","background-image":"","background-repeat":"repeat","background-position":"center center","background-size":"auto","background-attachment":"scroll","background-type":"","background-media":"","overlay-type":"","overlay-color":"","overlay-opacity":"","overlay-gradient":""},"tablet":{"background-color":"","background-image":"","background-repeat":"repeat","background-position":"center center","background-size":"auto","background-attachment":"scroll","background-type":"","background-media":"","overlay-type":"","overlay-color":"","overlay-opacity":"","overlay-gradient":""},"mobile":{"background-color":"","background-image":"","background-repeat":"repeat","background-position":"center center","background-size":"auto","background-attachment":"scroll","background-type":"","background-media":"","overlay-type":"","overlay-color":"","overlay-opacity":"","overlay-gradient":""}},"ast-content-background-meta":{"desktop":{"background-color":"var(--ast-global-color-5)","background-image":"","background-repeat":"repeat","background-position":"center center","background-size":"auto","background-attachment":"scroll","background-type":"","background-media":"","overlay-type":"","overlay-color":"","overlay-opacity":"","overlay-gradient":""},"tablet":{"background-color":"var(--ast-global-color-5)","background-image":"","background-repeat":"repeat","background-position":"center center","background-size":"auto","background-attachment":"scroll","background-type":"","background-media":"","overlay-type":"","overlay-color":"","overlay-opacity":"","overlay-gradient":""},"mobile":{"background-color":"var(--ast-global-color-5)","background-image":"","background-repeat":"repeat","background-position":"center center","background-size":"auto","background-attachment":"scroll","background-type":"","background-media":"","overlay-type":"","overlay-color":"","overlay-opacity":"","overlay-gradient":""}},"_FSMCFIC_featured_image_caption":"","_FSMCFIC_featured_image_nocaption":"","_FSMCFIC_featured_image_hide":"","footnotes":""},"categories":[17,4],"tags":[],"class_list":["post-1718","post","type-post","status-publish","format-standard","has-post-thumbnail","hentry","category-esp","category-podcast"],"yoast_head":"<!-- This site is optimized with the Yoast SEO plugin v27.4 - https:\/\/yoast.com\/product\/yoast-seo-wordpress\/ -->\n<title>Semana Santa: La m\u00fasica homenajea a dios | Radio Recital<\/title>\n<meta name=\"description\" content=\"En S\u00e1bado santo Mat\u00edas Llanca nos acompa\u00f1\u00f3 con un especial titulado: &quot;La m\u00fasica homenajea a dios&quot; con 12 canciones que hablan sobre dios.\" \/>\n<meta name=\"robots\" content=\"index, follow, max-snippet:-1, max-image-preview:large, max-video-preview:-1\" \/>\n<link rel=\"canonical\" href=\"https:\/\/radiorecital.net\/home\/2024\/04\/02\/podcast-semana-santa-la-musica-homenajea-a-dios\/\" \/>\n<meta property=\"og:locale\" content=\"es_ES\" \/>\n<meta property=\"og:type\" content=\"article\" \/>\n<meta property=\"og:title\" content=\"[PODCAST]\u00a0Semana Santa: La m\u00fasica homenajea a dios\" \/>\n<meta property=\"og:description\" content=\"En S\u00e1bado santo Mat\u00edas Llanca nos acompa\u00f1\u00f3 con un especial titulado: &quot;La m\u00fasica homenajea a dios&quot; con 12 canciones que hablan sobre dios.\" \/>\n<meta property=\"og:url\" content=\"https:\/\/radiorecital.net\/home\/2024\/04\/02\/podcast-semana-santa-la-musica-homenajea-a-dios\/\" \/>\n<meta property=\"og:site_name\" content=\"Radio Recital\" \/>\n<meta property=\"article:publisher\" content=\"https:\/\/www.facebook.com\/radiorecital\" \/>\n<meta property=\"article:published_time\" content=\"2024-04-02T21:05:58+00:00\" \/>\n<meta property=\"article:modified_time\" content=\"2025-03-15T04:47:30+00:00\" \/>\n<meta property=\"og:image\" content=\"https:\/\/radiorecital.net\/home\/wp-content\/uploads\/2024\/04\/Afiche-podcast-web-semana-santa.png\" \/>\n\t<meta property=\"og:image:width\" content=\"1000\" \/>\n\t<meta property=\"og:image:height\" content=\"560\" \/>\n\t<meta property=\"og:image:type\" content=\"image\/png\" \/>\n<meta name=\"author\" content=\"Radio Recital\" \/>\n<meta name=\"twitter:card\" content=\"summary_large_image\" \/>\n<meta name=\"twitter:title\" content=\"[PODCAST]\u00a0Semana Santa: La m\u00fasica homenajea a dios\" \/>\n<meta name=\"twitter:description\" content=\"En S\u00e1bado santo Mat\u00edas Llanca nos acompa\u00f1\u00f3 con un especial titulado: &quot;La m\u00fasica homenajea a dios&quot; con 12 canciones que hablan sobre dios.\" \/>\n<meta name=\"twitter:image\" content=\"https:\/\/radiorecital.net\/home\/wp-content\/uploads\/2024\/04\/Afiche-podcast-web-semana-santa.png\" \/>\n<meta name=\"twitter:creator\" content=\"@radiorecital\" \/>\n<meta name=\"twitter:site\" content=\"@radiorecital\" \/>\n<meta name=\"twitter:label1\" content=\"Escrito por\" \/>\n\t<meta name=\"twitter:data1\" content=\"Radio Recital\" \/>\n\t<meta name=\"twitter:label2\" content=\"Tiempo de lectura\" \/>\n\t<meta name=\"twitter:data2\" content=\"2 minutos\" \/>\n<script type=\"application\/ld+json\" class=\"yoast-schema-graph\">{\"@context\":\"https:\\\/\\\/schema.org\",\"@graph\":[{\"@type\":\"Article\",\"@id\":\"https:\\\/\\\/radiorecital.net\\\/home\\\/2024\\\/04\\\/02\\\/podcast-semana-santa-la-musica-homenajea-a-dios\\\/#article\",\"isPartOf\":{\"@id\":\"https:\\\/\\\/radiorecital.net\\\/home\\\/2024\\\/04\\\/02\\\/podcast-semana-santa-la-musica-homenajea-a-dios\\\/\"},\"author\":{\"name\":\"Radio Recital\",\"@id\":\"https:\\\/\\\/radiorecital.net\\\/home\\\/#\\\/schema\\\/person\\\/99e2bfb58c646d342d061c023de0994e\"},\"headline\":\"Semana Santa: La m\u00fasica homenajea a dios\",\"datePublished\":\"2024-04-02T21:05:58+00:00\",\"dateModified\":\"2025-03-15T04:47:30+00:00\",\"mainEntityOfPage\":{\"@id\":\"https:\\\/\\\/radiorecital.net\\\/home\\\/2024\\\/04\\\/02\\\/podcast-semana-santa-la-musica-homenajea-a-dios\\\/\"},\"wordCount\":238,\"publisher\":{\"@id\":\"https:\\\/\\\/radiorecital.net\\\/home\\\/#organization\"},\"image\":{\"@id\":\"https:\\\/\\\/radiorecital.net\\\/home\\\/2024\\\/04\\\/02\\\/podcast-semana-santa-la-musica-homenajea-a-dios\\\/#primaryimage\"},\"thumbnailUrl\":\"https:\\\/\\\/radiorecital.net\\\/home\\\/wp-content\\\/uploads\\\/2024\\\/04\\\/semanasanta.png\",\"articleSection\":[\"Especiales\",\"Podcast\"],\"inLanguage\":\"es\"},{\"@type\":\"WebPage\",\"@id\":\"https:\\\/\\\/radiorecital.net\\\/home\\\/2024\\\/04\\\/02\\\/podcast-semana-santa-la-musica-homenajea-a-dios\\\/\",\"url\":\"https:\\\/\\\/radiorecital.net\\\/home\\\/2024\\\/04\\\/02\\\/podcast-semana-santa-la-musica-homenajea-a-dios\\\/\",\"name\":\"Semana Santa: La m\u00fasica homenajea a dios | Radio Recital\",\"isPartOf\":{\"@id\":\"https:\\\/\\\/radiorecital.net\\\/home\\\/#website\"},\"primaryImageOfPage\":{\"@id\":\"https:\\\/\\\/radiorecital.net\\\/home\\\/2024\\\/04\\\/02\\\/podcast-semana-santa-la-musica-homenajea-a-dios\\\/#primaryimage\"},\"image\":{\"@id\":\"https:\\\/\\\/radiorecital.net\\\/home\\\/2024\\\/04\\\/02\\\/podcast-semana-santa-la-musica-homenajea-a-dios\\\/#primaryimage\"},\"thumbnailUrl\":\"https:\\\/\\\/radiorecital.net\\\/home\\\/wp-content\\\/uploads\\\/2024\\\/04\\\/semanasanta.png\",\"datePublished\":\"2024-04-02T21:05:58+00:00\",\"dateModified\":\"2025-03-15T04:47:30+00:00\",\"description\":\"En S\u00e1bado santo Mat\u00edas Llanca nos acompa\u00f1\u00f3 con un especial titulado: \\\"La m\u00fasica homenajea a dios\\\" con 12 canciones que hablan sobre dios.\",\"breadcrumb\":{\"@id\":\"https:\\\/\\\/radiorecital.net\\\/home\\\/2024\\\/04\\\/02\\\/podcast-semana-santa-la-musica-homenajea-a-dios\\\/#breadcrumb\"},\"inLanguage\":\"es\",\"potentialAction\":[{\"@type\":\"ReadAction\",\"target\":[\"https:\\\/\\\/radiorecital.net\\\/home\\\/2024\\\/04\\\/02\\\/podcast-semana-santa-la-musica-homenajea-a-dios\\\/\"]}]},{\"@type\":\"ImageObject\",\"inLanguage\":\"es\",\"@id\":\"https:\\\/\\\/radiorecital.net\\\/home\\\/2024\\\/04\\\/02\\\/podcast-semana-santa-la-musica-homenajea-a-dios\\\/#primaryimage\",\"url\":\"https:\\\/\\\/radiorecital.net\\\/home\\\/wp-content\\\/uploads\\\/2024\\\/04\\\/semanasanta.png\",\"contentUrl\":\"https:\\\/\\\/radiorecital.net\\\/home\\\/wp-content\\\/uploads\\\/2024\\\/04\\\/semanasanta.png\",\"width\":1113,\"height\":584,\"caption\":\"Semana Santa en Recital\"},{\"@type\":\"BreadcrumbList\",\"@id\":\"https:\\\/\\\/radiorecital.net\\\/home\\\/2024\\\/04\\\/02\\\/podcast-semana-santa-la-musica-homenajea-a-dios\\\/#breadcrumb\",\"itemListElement\":[{\"@type\":\"ListItem\",\"position\":1,\"name\":\"Portada\",\"item\":\"https:\\\/\\\/radiorecital.net\\\/home\\\/\"},{\"@type\":\"ListItem\",\"position\":2,\"name\":\"Semana Santa: La m\u00fasica homenajea a dios\"}]},{\"@type\":\"WebSite\",\"@id\":\"https:\\\/\\\/radiorecital.net\\\/home\\\/#website\",\"url\":\"https:\\\/\\\/radiorecital.net\\\/home\\\/\",\"name\":\"Radio Recital\",\"description\":\"Donde vive la buena m\u00fasica\",\"publisher\":{\"@id\":\"https:\\\/\\\/radiorecital.net\\\/home\\\/#organization\"},\"alternateName\":\"Recital\",\"potentialAction\":[{\"@type\":\"SearchAction\",\"target\":{\"@type\":\"EntryPoint\",\"urlTemplate\":\"https:\\\/\\\/radiorecital.net\\\/home\\\/?s={search_term_string}\"},\"query-input\":{\"@type\":\"PropertyValueSpecification\",\"valueRequired\":true,\"valueName\":\"search_term_string\"}}],\"inLanguage\":\"es\"},{\"@type\":\"Organization\",\"@id\":\"https:\\\/\\\/radiorecital.net\\\/home\\\/#organization\",\"name\":\"Radio Recital\",\"alternateName\":\"Recital\",\"url\":\"https:\\\/\\\/radiorecital.net\\\/home\\\/\",\"logo\":{\"@type\":\"ImageObject\",\"inLanguage\":\"es\",\"@id\":\"https:\\\/\\\/radiorecital.net\\\/home\\\/#\\\/schema\\\/logo\\\/image\\\/\",\"url\":\"https:\\\/\\\/radiorecital.net\\\/home\\\/wp-content\\\/uploads\\\/2023\\\/08\\\/cropped-logo-web.avif\",\"contentUrl\":\"https:\\\/\\\/radiorecital.net\\\/home\\\/wp-content\\\/uploads\\\/2023\\\/08\\\/cropped-logo-web.avif\",\"width\":350,\"height\":100,\"caption\":\"Radio Recital\"},\"image\":{\"@id\":\"https:\\\/\\\/radiorecital.net\\\/home\\\/#\\\/schema\\\/logo\\\/image\\\/\"},\"sameAs\":[\"https:\\\/\\\/www.facebook.com\\\/radiorecital\",\"https:\\\/\\\/x.com\\\/radiorecital\",\"https:\\\/\\\/www.twitch.tv\\\/radiorecital\",\"https:\\\/\\\/open.spotify.com\\\/user\\\/s67u6ltf7qsyj64doukwz5kxu\"]},{\"@type\":\"Person\",\"@id\":\"https:\\\/\\\/radiorecital.net\\\/home\\\/#\\\/schema\\\/person\\\/99e2bfb58c646d342d061c023de0994e\",\"name\":\"Radio Recital\",\"image\":{\"@type\":\"ImageObject\",\"inLanguage\":\"es\",\"@id\":\"https:\\\/\\\/secure.gravatar.com\\\/avatar\\\/258e1264b7db9f688b80233503ced7bfdf065923ca996a5c58a77af9bec9961a?s=96&d=mm&r=g\",\"url\":\"https:\\\/\\\/secure.gravatar.com\\\/avatar\\\/258e1264b7db9f688b80233503ced7bfdf065923ca996a5c58a77af9bec9961a?s=96&d=mm&r=g\",\"contentUrl\":\"https:\\\/\\\/secure.gravatar.com\\\/avatar\\\/258e1264b7db9f688b80233503ced7bfdf065923ca996a5c58a77af9bec9961a?s=96&d=mm&r=g\",\"caption\":\"Radio Recital\"},\"sameAs\":[\"http:\\\/\\\/radiorecital.net\\\/home\"],\"url\":\"https:\\\/\\\/radiorecital.net\\\/home\\\/author\\\/admin_recital\\\/\"}]}<\/script>\n<!-- \/ Yoast SEO plugin. -->","yoast_head_json":{"title":"Semana Santa: La m\u00fasica homenajea a dios | Radio Recital","description":"En S\u00e1bado santo Mat\u00edas Llanca nos acompa\u00f1\u00f3 con un especial titulado: \"La m\u00fasica homenajea a dios\" con 12 canciones que hablan sobre dios.","robots":{"index":"index","follow":"follow","max-snippet":"max-snippet:-1","max-image-preview":"max-image-preview:large","max-video-preview":"max-video-preview:-1"},"canonical":"https:\/\/radiorecital.net\/home\/2024\/04\/02\/podcast-semana-santa-la-musica-homenajea-a-dios\/","og_locale":"es_ES","og_type":"article","og_title":"[PODCAST]\u00a0Semana Santa: La m\u00fasica homenajea a dios","og_description":"En S\u00e1bado santo Mat\u00edas Llanca nos acompa\u00f1\u00f3 con un especial titulado: \"La m\u00fasica homenajea a dios\" con 12 canciones que hablan sobre dios.","og_url":"https:\/\/radiorecital.net\/home\/2024\/04\/02\/podcast-semana-santa-la-musica-homenajea-a-dios\/","og_site_name":"Radio Recital","article_publisher":"https:\/\/www.facebook.com\/radiorecital","article_published_time":"2024-04-02T21:05:58+00:00","article_modified_time":"2025-03-15T04:47:30+00:00","og_image":[{"width":1000,"height":560,"url":"https:\/\/radiorecital.net\/home\/wp-content\/uploads\/2024\/04\/Afiche-podcast-web-semana-santa.png","type":"image\/png"}],"author":"Radio Recital","twitter_card":"summary_large_image","twitter_title":"[PODCAST]\u00a0Semana Santa: La m\u00fasica homenajea a dios","twitter_description":"En S\u00e1bado santo Mat\u00edas Llanca nos acompa\u00f1\u00f3 con un especial titulado: \"La m\u00fasica homenajea a dios\" con 12 canciones que hablan sobre dios.","twitter_image":"https:\/\/radiorecital.net\/home\/wp-content\/uploads\/2024\/04\/Afiche-podcast-web-semana-santa.png","twitter_creator":"@radiorecital","twitter_site":"@radiorecital","twitter_misc":{"Escrito por":"Radio Recital","Tiempo de lectura":"2 minutos"},"schema":{"@context":"https:\/\/schema.org","@graph":[{"@type":"Article","@id":"https:\/\/radiorecital.net\/home\/2024\/04\/02\/podcast-semana-santa-la-musica-homenajea-a-dios\/#article","isPartOf":{"@id":"https:\/\/radiorecital.net\/home\/2024\/04\/02\/podcast-semana-santa-la-musica-homenajea-a-dios\/"},"author":{"name":"Radio Recital","@id":"https:\/\/radiorecital.net\/home\/#\/schema\/person\/99e2bfb58c646d342d061c023de0994e"},"headline":"Semana Santa: La m\u00fasica homenajea a dios","datePublished":"2024-04-02T21:05:58+00:00","dateModified":"2025-03-15T04:47:30+00:00","mainEntityOfPage":{"@id":"https:\/\/radiorecital.net\/home\/2024\/04\/02\/podcast-semana-santa-la-musica-homenajea-a-dios\/"},"wordCount":238,"publisher":{"@id":"https:\/\/radiorecital.net\/home\/#organization"},"image":{"@id":"https:\/\/radiorecital.net\/home\/2024\/04\/02\/podcast-semana-santa-la-musica-homenajea-a-dios\/#primaryimage"},"thumbnailUrl":"https:\/\/radiorecital.net\/home\/wp-content\/uploads\/2024\/04\/semanasanta.png","articleSection":["Especiales","Podcast"],"inLanguage":"es"},{"@type":"WebPage","@id":"https:\/\/radiorecital.net\/home\/2024\/04\/02\/podcast-semana-santa-la-musica-homenajea-a-dios\/","url":"https:\/\/radiorecital.net\/home\/2024\/04\/02\/podcast-semana-santa-la-musica-homenajea-a-dios\/","name":"Semana Santa: La m\u00fasica homenajea a dios | Radio Recital","isPartOf":{"@id":"https:\/\/radiorecital.net\/home\/#website"},"primaryImageOfPage":{"@id":"https:\/\/radiorecital.net\/home\/2024\/04\/02\/podcast-semana-santa-la-musica-homenajea-a-dios\/#primaryimage"},"image":{"@id":"https:\/\/radiorecital.net\/home\/2024\/04\/02\/podcast-semana-santa-la-musica-homenajea-a-dios\/#primaryimage"},"thumbnailUrl":"https:\/\/radiorecital.net\/home\/wp-content\/uploads\/2024\/04\/semanasanta.png","datePublished":"2024-04-02T21:05:58+00:00","dateModified":"2025-03-15T04:47:30+00:00","description":"En S\u00e1bado santo Mat\u00edas Llanca nos acompa\u00f1\u00f3 con un especial titulado: \"La m\u00fasica homenajea a dios\" con 12 canciones que hablan sobre dios.","breadcrumb":{"@id":"https:\/\/radiorecital.net\/home\/2024\/04\/02\/podcast-semana-santa-la-musica-homenajea-a-dios\/#breadcrumb"},"inLanguage":"es","potentialAction":[{"@type":"ReadAction","target":["https:\/\/radiorecital.net\/home\/2024\/04\/02\/podcast-semana-santa-la-musica-homenajea-a-dios\/"]}]},{"@type":"ImageObject","inLanguage":"es","@id":"https:\/\/radiorecital.net\/home\/2024\/04\/02\/podcast-semana-santa-la-musica-homenajea-a-dios\/#primaryimage","url":"https:\/\/radiorecital.net\/home\/wp-content\/uploads\/2024\/04\/semanasanta.png","contentUrl":"https:\/\/radiorecital.net\/home\/wp-content\/uploads\/2024\/04\/semanasanta.png","width":1113,"height":584,"caption":"Semana Santa en Recital"},{"@type":"BreadcrumbList","@id":"https:\/\/radiorecital.net\/home\/2024\/04\/02\/podcast-semana-santa-la-musica-homenajea-a-dios\/#breadcrumb","itemListElement":[{"@type":"ListItem","position":1,"name":"Portada","item":"https:\/\/radiorecital.net\/home\/"},{"@type":"ListItem","position":2,"name":"Semana Santa: La m\u00fasica homenajea a dios"}]},{"@type":"WebSite","@id":"https:\/\/radiorecital.net\/home\/#website","url":"https:\/\/radiorecital.net\/home\/","name":"Radio Recital","description":"Donde vive la buena m\u00fasica","publisher":{"@id":"https:\/\/radiorecital.net\/home\/#organization"},"alternateName":"Recital","potentialAction":[{"@type":"SearchAction","target":{"@type":"EntryPoint","urlTemplate":"https:\/\/radiorecital.net\/home\/?s={search_term_string}"},"query-input":{"@type":"PropertyValueSpecification","valueRequired":true,"valueName":"search_term_string"}}],"inLanguage":"es"},{"@type":"Organization","@id":"https:\/\/radiorecital.net\/home\/#organization","name":"Radio Recital","alternateName":"Recital","url":"https:\/\/radiorecital.net\/home\/","logo":{"@type":"ImageObject","inLanguage":"es","@id":"https:\/\/radiorecital.net\/home\/#\/schema\/logo\/image\/","url":"https:\/\/radiorecital.net\/home\/wp-content\/uploads\/2023\/08\/cropped-logo-web.avif","contentUrl":"https:\/\/radiorecital.net\/home\/wp-content\/uploads\/2023\/08\/cropped-logo-web.avif","width":350,"height":100,"caption":"Radio Recital"},"image":{"@id":"https:\/\/radiorecital.net\/home\/#\/schema\/logo\/image\/"},"sameAs":["https:\/\/www.facebook.com\/radiorecital","https:\/\/x.com\/radiorecital","https:\/\/www.twitch.tv\/radiorecital","https:\/\/open.spotify.com\/user\/s67u6ltf7qsyj64doukwz5kxu"]},{"@type":"Person","@id":"https:\/\/radiorecital.net\/home\/#\/schema\/person\/99e2bfb58c646d342d061c023de0994e","name":"Radio Recital","image":{"@type":"ImageObject","inLanguage":"es","@id":"https:\/\/secure.gravatar.com\/avatar\/258e1264b7db9f688b80233503ced7bfdf065923ca996a5c58a77af9bec9961a?s=96&d=mm&r=g","url":"https:\/\/secure.gravatar.com\/avatar\/258e1264b7db9f688b80233503ced7bfdf065923ca996a5c58a77af9bec9961a?s=96&d=mm&r=g","contentUrl":"https:\/\/secure.gravatar.com\/avatar\/258e1264b7db9f688b80233503ced7bfdf065923ca996a5c58a77af9bec9961a?s=96&d=mm&r=g","caption":"Radio Recital"},"sameAs":["http:\/\/radiorecital.net\/home"],"url":"https:\/\/radiorecital.net\/home\/author\/admin_recital\/"}]}},"_links":{"self":[{"href":"https:\/\/radiorecital.net\/home\/wp-json\/wp\/v2\/posts\/1718","targetHints":{"allow":["GET"]}}],"collection":[{"href":"https:\/\/radiorecital.net\/home\/wp-json\/wp\/v2\/posts"}],"about":[{"href":"https:\/\/radiorecital.net\/home\/wp-json\/wp\/v2\/types\/post"}],"author":[{"embeddable":true,"href":"https:\/\/radiorecital.net\/home\/wp-json\/wp\/v2\/users\/1"}],"replies":[{"embeddable":true,"href":"https:\/\/radiorecital.net\/home\/wp-json\/wp\/v2\/comments?post=1718"}],"version-history":[{"count":9,"href":"https:\/\/radiorecital.net\/home\/wp-json\/wp\/v2\/posts\/1718\/revisions"}],"predecessor-version":[{"id":3632,"href":"https:\/\/radiorecital.net\/home\/wp-json\/wp\/v2\/posts\/1718\/revisions\/3632"}],"wp:featuredmedia":[{"embeddable":true,"href":"https:\/\/radiorecital.net\/home\/wp-json\/wp\/v2\/media\/1745"}],"wp:attachment":[{"href":"https:\/\/radiorecital.net\/home\/wp-json\/wp\/v2\/media?parent=1718"}],"wp:term":[{"taxonomy":"category","embeddable":true,"href":"https:\/\/radiorecital.net\/home\/wp-json\/wp\/v2\/categories?post=1718"},{"taxonomy":"post_tag","embeddable":true,"href":"https:\/\/radiorecital.net\/home\/wp-json\/wp\/v2\/tags?post=1718"}],"curies":[{"name":"wp","href":"https:\/\/api.w.org\/{rel}","templated":true}]}}