{"id":1106,"date":"2023-10-16T07:07:26","date_gmt":"2023-10-16T05:07:26","guid":{"rendered":"https:\/\/radiorecital.net\/home\/?p=1106"},"modified":"2025-03-16T06:14:09","modified_gmt":"2025-03-16T05:14:09","slug":"podcast-estudio-recital-15-de-octubre","status":"publish","type":"post","link":"https:\/\/radiorecital.net\/home\/2023\/10\/16\/podcast-estudio-recital-15-de-octubre\/","title":{"rendered":"Estudio Recital \u2013 15 de Octubre"},"content":{"rendered":"\n<p>Grandes an\u00e9cdotas, Grandes canciones. En Estudio Recital todas las semanas nos reencontramos con las canciones, y la buena m\u00fasica que marc\u00f3 la m\u00fasica popular de todos los tiempos. Con la conducci\u00f3n de Crist\u00f3bal Abello.<\/p>\n\n\n\n<!--more-->\n\n\n<div id=\"sonaar_music_43\"><div class=\"sonaar_audioplayer_block_cover\"><article id=\"arbitrary-instance-69f1f659c95e2\" class=\"iron_widget_radio\"><div class=\"iron-audioplayer  playlist_has_no_ctas\" id=\"arbitrary-instance-69f1f659c95e2-338efacef4\" data-id=\"arbitrary-instance-69f1f659c95e2\" data-track-sw-cursor=\"\" data-lazyload=\"\" data-albums=\"2285\" data-category=\"\" data-url-playlist=\"https:\/\/radiorecital.net\/home\/?load=playlist.json&#038;title=&#038;albums=2285&#038;category=&#038;posts_not_in=&#038;category_not_in=&#038;author=&#038;feed_title=&#038;feed=&#038;feed_img=&#038;el_widget_id=&#038;artwork=&#038;posts_per_pages=-1&#038;all_category=&#038;single_playlist=&#038;reverse_tracklist=&#038;audio_meta_field=&#038;repeater_meta_field=&#038;import_file=&#038;rss_items=-1&#038;rss_item_title=&#038;is_favorite=&#038;is_recentlyplayed=&#038;srp_order=date_DESC\" data-sticky-player=\"\" data-shuffle=\"false\" data-playlist_title=\"\" data-scrollbar=\"\" data-wave-color=\"\" data-wave-progress-color=\"\" data-spectro=\"\" data-no-wave=\"\" data-hide-progressbar=\"\" data-progress-bar-style=\"\"data-feedurl=\"0\" data-notrackskip=\"\" data-no-loop-tracklist=\"\" data-playertemplate =\"skin_boxed_tracklist\" data-hide-artwork =\"\" data-speedrate=\"1\"  data-tracks-per-page=\"\" data-pagination_scroll_offset=\"\" data-adaptive-colors=\"\" data-adaptive-colors-freeze=\"\" style=\"opacity:0;\"><div class=\"srp_player_boxed srp_player_grid\"><div class=\"sonaar-Artwort-box \">\n                <div class=\"control\">\n                    \n                <\/div>\n                <div class=\"album\">\n                    <div class=\"album-art\">\n                        <img alt=\"album-art\">\n                    <\/div>\n                <\/div>\n                <\/div><div class=\"album-player sr_waveform_mediaElement\"><div class=\"srp_miniplayer_metas\"><div class=\" srp_meta srp_meta_0 track-title\" data-prefix=\"\" aria-label=\"Track title\"><\/div><\/div><div class=\"srp_subtitle\"><\/div><div class=\"srp_player_meta\"><\/div><div class=\"srp_control_box\">\n            <div role=\"button\" tabindex=\"0\" class=\"srp-play-button play\" href=\"#\" aria-label=\"Play\">\n                <i class=\"sricon-play\"><\/i>\n                <div class=\"srp-play-circle\"><\/div>\n            <\/div><div class=\"srp_wave_box\"> <div class=\"player \" ><div class=\"sr_progressbar\">\n                \n            <div class=\"currentTime\">00:00<\/div>\n         \n                <div id=\"arbitrary-instance-69f1f659c95e2-be27835a0a-wave\" class=\"wave\" >\n                 \n        <div class=\"sonaar_fake_wave\" style=\"height:70px\"> \n            <audio src=\"\" class=\"sonaar_media_element\"><\/audio> \n            <div class=\"sonaar_wave_base\"> \n                <canvas id=\"sonaar_wave_base_canvas\" class=\"\" height=\"70\" width=\"2540\"><\/canvas> \n                <svg><\/svg> \n            <\/div> \n            <div class=\"sonaar_wave_cut\"> \n                <canvas id=\"sonaar_wave_cut_canvas\" class=\"\" height=\"70\" width=\"2540\"><\/canvas> \n                <svg><\/svg> \n            <\/div> \n        <\/div> \n                <\/div>\n                \n            <div class=\"totalTime\"><\/div>\n         \n             <\/div><\/div><div class=\"srp_main_control\"><div class=\"control\"><div role=\"button\" tabindex=\"0\" class=\"play\" style=\"opacity:0;\" aria-label=\"Play\" title=\"Play\/Pause\">\n                <i class=\"sricon-play\"><\/i>\n            <\/div><div class=\"srp_track_cta\"><\/div><\/div><\/div><\/div><\/div><\/div><\/div><div class=\"playlist sr_waveform_mediaElement\"  id=\"playlist_arbitrary-instance-69f1f659c95e2\"><div class=\"srp_tracklist\"><ul class=\"srp_list\"><li \n            class=\"sr-playlist-item\" \n            data-audiopath=\"https:\/\/radiorecital.net\/media\/Estudio%20Recital%20-%20T01E06%20-%20Simply%20Red.mp3\"\n            data-showloading=\"1\"\n            data-albumTitle=\"Estudio Recital \u2013 15 de Octubre\"\n            data-albumArt=\"https:\/\/radiorecital.net\/home\/wp-content\/uploads\/2024\/08\/Podcast-Estudio.png\"\n            data-releasedate=\"\"\n            data-date=\"2024\/08\/23\"\n            data-date-formated=\"23 de agosto de 2024\"\n            data-show-date=\"\"\n            data-trackTitle=\"Estudio Recital \u2013 15 de Octubre\"\n            data-artist=\"Radio Recital\"\n            data-trackID=\"\"\n            data-trackTime=\"\"\n            data-relatedTrack=\"\"\n            data-post-url=\"\"\n            data-post-id=\"2285\"\n            data-track-pos=\"0\"\n            data-peakFile=\"\"\n            data-peakFile-allow=\"\"\n            data-is-preview=\"\"\n            data-track-lyric=\"\" data-icecast_json=\"\" data-icecast_mount=\"\"><div class=\"sr-playlist-item-flex\"><span class=\"store-list\"><\/span><\/div><div class=\"srp_track_description\"><\/div><\/li><\/ul><\/div><\/div><div class=\"album-store\"><\/div><\/div><script id=\"srp_js_params_69f1f659c95e2\">\n        var srp_player_params_69f1f659c95e2 = {\"title\":\"\",\"store_title_text\":\"\",\"albums\":\"2285\",\"hide_artwork\":\"\",\"sticky_player\":\"\",\"show_album_market\":\"1\",\"show_track_market\":\"1\",\"hide_timeline\":\"\",\"titletag_soundwave\":\"div\",\"titletag_playlist\":\"h3\",\"show_playlist\":\"\",\"wave_color\":\"\",\"wave_progress_color\":\"\",\"shuffle\":\"\",\"reverse_tracklist\":\"\",\"searchbar\":\"false\",\"track_desc_lenght\":\"55\",\"strip_html_track_desc\":\"true\",\"player_layout\":\"skin_boxed_tracklist\",\"hide_progressbar\":\"false\",\"use_play_label\":\"false\",\"use_play_label_with_icon\":\"false\",\"orderby\":\"date\",\"order\":\"DESC\",\"main_settings\":\"||\"} \n        var srp_player_params_args_69f1f659c95e2 = {\"before_widget\":\"<article id=\\\"arbitrary-instance-69f1f659c95e2\\\" class=\\\"iron_widget_radio\\\">\",\"after_widget\":\"<\\\/article>\",\"before_title\":\"<span class='heading-t3'><\\\/span><h3 class=\\\"widgettitle\\\">\",\"after_title\":\"<\\\/h3>\",\"widget_id\":\"arbitrary-instance-69f1f659c95e2\"}  \n        <\/script><script>if(typeof setIronAudioplayers !== \"undefined\"){ setIronAudioplayers(\"arbitrary-instance-69f1f659c95e2\"); }<\/script><\/article><\/div><\/div>\n\n\n<p>Estudio Recital se retransmite en vivo todos los Domingos a las 15:00 y 23:00 hora GMT donde nos reencontramos con las canciones, que marcaron la m\u00fasica popular de todos los tiempos. Siempre en vivo de costa a costa por la sinton\u00eda internacional de <a href=\"https:\/\/www.radiorecital.net\"><strong>Radio Recital<\/strong><\/a>, donde vive la buena m\u00fasica.<\/p>\n\n\n\n<p>Si usted lo desea puede revisar la<strong> <a href=\"https:\/\/radiorecital.net\/home\/programacion\/\">programaci\u00f3n<\/a><\/strong> semanal de Radio Recital para descubrir nuestra amplia gama de programas, y as\u00ed no perderse ning\u00fan minuto de nuestra programaci\u00f3n en Recital<\/p>\n\n\n\n<p><em><strong>Escuche en directo Radio Recital, la radio donde vive la buena m\u00fasica. Si lo desea&nbsp;<em><strong>puede<\/strong><\/em>&nbsp;escuchar nuestra se\u00f1al en su dispositivos m\u00f3viles, puede hacerlo en nuestra&nbsp;<a href=\"https:\/\/play.google.com\/store\/apps\/details?id=radio.recital\">aplicaci\u00f3n para Android<\/a>. Si su dispositivo es IOS, puede usar la aplicaci\u00f3n de <a href=\"https:\/\/music.apple.com\/cl\/station\/radio-recital\/ra.1461611869?ls\">Apple Music<\/a> y tambi\u00e9n la aplicaci\u00f3n&nbsp;<a href=\"http:\/\/tun.in\/sfwa3\">Tune In Radio<\/a><\/strong><\/em> <strong>ambas disponibles para dispositivos Iphone.<\/strong><\/p>\n\n\n\n<p><em><strong>Y recuerde, en www.radiorecital.net encuentra siempre las mejores historias, el entretenimiento y, sobre todo, la buena m\u00fasica y los grandes cl\u00e1sicos de la m\u00fasica universal que no puede encontrar en otro lugar.<\/strong><\/em><\/p>\n\n\n\n<div style=\"height:100px\" aria-hidden=\"true\" class=\"wp-block-spacer\"><\/div>\n","protected":false},"excerpt":{"rendered":"<p>Grandes an\u00e9cdotas, Grandes canciones. En Estudio Recital todas las semanas nos reencontramos con las canciones, y la buena m\u00fasica que marc\u00f3 la m\u00fasica popular de todos los tiempos. Con la conducci\u00f3n de Crist\u00f3bal Abello.<\/p>\n","protected":false},"author":1,"featured_media":1747,"comment_status":"closed","ping_status":"closed","sticky":false,"template":"","format":"standard","meta":{"site-sidebar-layout":"default","site-content-layout":"","ast-site-content-layout":"narrow-width-container","site-content-style":"boxed","site-sidebar-style":"default","ast-global-header-display":"","ast-banner-title-visibility":"","ast-main-header-display":"","ast-hfb-above-header-display":"","ast-hfb-below-header-display":"","ast-hfb-mobile-header-display":"","site-post-title":"","ast-breadcrumbs-content":"","ast-featured-img":"","footer-sml-layout":"","ast-disable-related-posts":"","theme-transparent-header-meta":"","adv-header-id-meta":"","stick-header-meta":"","header-above-stick-meta":"","header-main-stick-meta":"","header-below-stick-meta":"","astra-migrate-meta-layouts":"set","ast-page-background-enabled":"default","ast-page-background-meta":{"desktop":{"background-color":"","background-image":"","background-repeat":"repeat","background-position":"center center","background-size":"auto","background-attachment":"scroll","background-type":"","background-media":"","overlay-type":"","overlay-color":"","overlay-opacity":"","overlay-gradient":""},"tablet":{"background-color":"","background-image":"","background-repeat":"repeat","background-position":"center center","background-size":"auto","background-attachment":"scroll","background-type":"","background-media":"","overlay-type":"","overlay-color":"","overlay-opacity":"","overlay-gradient":""},"mobile":{"background-color":"","background-image":"","background-repeat":"repeat","background-position":"center center","background-size":"auto","background-attachment":"scroll","background-type":"","background-media":"","overlay-type":"","overlay-color":"","overlay-opacity":"","overlay-gradient":""}},"ast-content-background-meta":{"desktop":{"background-color":"var(--ast-global-color-5)","background-image":"","background-repeat":"repeat","background-position":"center center","background-size":"auto","background-attachment":"scroll","background-type":"","background-media":"","overlay-type":"","overlay-color":"","overlay-opacity":"","overlay-gradient":""},"tablet":{"background-color":"var(--ast-global-color-5)","background-image":"","background-repeat":"repeat","background-position":"center center","background-size":"auto","background-attachment":"scroll","background-type":"","background-media":"","overlay-type":"","overlay-color":"","overlay-opacity":"","overlay-gradient":""},"mobile":{"background-color":"var(--ast-global-color-5)","background-image":"","background-repeat":"repeat","background-position":"center center","background-size":"auto","background-attachment":"scroll","background-type":"","background-media":"","overlay-type":"","overlay-color":"","overlay-opacity":"","overlay-gradient":""}},"_FSMCFIC_featured_image_caption":"","_FSMCFIC_featured_image_nocaption":"","_FSMCFIC_featured_image_hide":"","footnotes":""},"categories":[16,4],"tags":[],"class_list":["post-1106","post","type-post","status-publish","format-standard","has-post-thumbnail","hentry","category-estrec","category-podcast"],"yoast_head":"<!-- This site is optimized with the Yoast SEO plugin v27.4 - https:\/\/yoast.com\/product\/yoast-seo-wordpress\/ -->\n<title>Estudio Recital \u2013 15 de Octubre | Radio Recital<\/title>\n<meta name=\"description\" content=\"En Estudio Recital todas las semanas nos reencontramos con las canciones, y la buena m\u00fasica que marc\u00f3 la m\u00fasica popular de todos los tiempos.\" \/>\n<meta name=\"robots\" content=\"index, follow, max-snippet:-1, max-image-preview:large, max-video-preview:-1\" \/>\n<link rel=\"canonical\" href=\"https:\/\/radiorecital.net\/home\/2023\/10\/16\/podcast-estudio-recital-15-de-octubre\/\" \/>\n<meta property=\"og:locale\" content=\"es_ES\" \/>\n<meta property=\"og:type\" content=\"article\" \/>\n<meta property=\"og:title\" content=\"[PODCAST] Estudio Recital \u2013 15 de Octubre\" \/>\n<meta property=\"og:description\" content=\"Grandes an\u00e9cdotas, Grandes canciones. En Estudio Recital todas las semanas nos reencontramos con las canciones, y la buena m\u00fasica que marc\u00f3 la m\u00fasica popular de todos los tiempos. Con la conducci\u00f3n de Crist\u00f3bal Abello.\" \/>\n<meta property=\"og:url\" content=\"https:\/\/radiorecital.net\/home\/2023\/10\/16\/podcast-estudio-recital-15-de-octubre\/\" \/>\n<meta property=\"og:site_name\" content=\"Radio Recital\" \/>\n<meta property=\"article:publisher\" content=\"https:\/\/www.facebook.com\/radiorecital\" \/>\n<meta property=\"article:published_time\" content=\"2023-10-16T05:07:26+00:00\" \/>\n<meta property=\"article:modified_time\" content=\"2025-03-16T05:14:09+00:00\" \/>\n<meta property=\"og:image\" content=\"https:\/\/radiorecital.net\/home\/wp-content\/uploads\/2023\/07\/estudio-nota.jpg\" \/>\n\t<meta property=\"og:image:width\" content=\"2048\" \/>\n\t<meta property=\"og:image:height\" content=\"1280\" \/>\n\t<meta property=\"og:image:type\" content=\"image\/jpeg\" \/>\n<meta name=\"author\" content=\"Radio Recital\" \/>\n<meta name=\"twitter:card\" content=\"summary_large_image\" \/>\n<meta name=\"twitter:title\" content=\"[PODCAST] Estudio Recital \u2013 15 de Octubre\" \/>\n<meta name=\"twitter:description\" content=\"Grandes an\u00e9cdotas, Grandes canciones. En Estudio Recital todas las semanas nos reencontramos con las canciones, y la buena m\u00fasica que marc\u00f3 la m\u00fasica popular de todos los tiempos. Con la conducci\u00f3n de Crist\u00f3bal Abello.\" \/>\n<meta name=\"twitter:image\" content=\"https:\/\/radiorecital.net\/home\/wp-content\/uploads\/2023\/07\/estudio-nota.jpg\" \/>\n<meta name=\"twitter:creator\" content=\"@radiorecital\" \/>\n<meta name=\"twitter:site\" content=\"@radiorecital\" \/>\n<meta name=\"twitter:label1\" content=\"Escrito por\" \/>\n\t<meta name=\"twitter:data1\" content=\"Radio Recital\" \/>\n\t<meta name=\"twitter:label2\" content=\"Tiempo de lectura\" \/>\n\t<meta name=\"twitter:data2\" content=\"2 minutos\" \/>\n<script type=\"application\/ld+json\" class=\"yoast-schema-graph\">{\"@context\":\"https:\\\/\\\/schema.org\",\"@graph\":[{\"@type\":\"Article\",\"@id\":\"https:\\\/\\\/radiorecital.net\\\/home\\\/2023\\\/10\\\/16\\\/podcast-estudio-recital-15-de-octubre\\\/#article\",\"isPartOf\":{\"@id\":\"https:\\\/\\\/radiorecital.net\\\/home\\\/2023\\\/10\\\/16\\\/podcast-estudio-recital-15-de-octubre\\\/\"},\"author\":{\"name\":\"Radio Recital\",\"@id\":\"https:\\\/\\\/radiorecital.net\\\/home\\\/#\\\/schema\\\/person\\\/99e2bfb58c646d342d061c023de0994e\"},\"headline\":\"Estudio Recital \u2013 15 de Octubre\",\"datePublished\":\"2023-10-16T05:07:26+00:00\",\"dateModified\":\"2025-03-16T05:14:09+00:00\",\"mainEntityOfPage\":{\"@id\":\"https:\\\/\\\/radiorecital.net\\\/home\\\/2023\\\/10\\\/16\\\/podcast-estudio-recital-15-de-octubre\\\/\"},\"wordCount\":229,\"publisher\":{\"@id\":\"https:\\\/\\\/radiorecital.net\\\/home\\\/#organization\"},\"image\":{\"@id\":\"https:\\\/\\\/radiorecital.net\\\/home\\\/2023\\\/10\\\/16\\\/podcast-estudio-recital-15-de-octubre\\\/#primaryimage\"},\"thumbnailUrl\":\"https:\\\/\\\/radiorecital.net\\\/home\\\/wp-content\\\/uploads\\\/2023\\\/12\\\/estudio.png\",\"articleSection\":[\"Estudio Recital\",\"Podcast\"],\"inLanguage\":\"es\"},{\"@type\":\"WebPage\",\"@id\":\"https:\\\/\\\/radiorecital.net\\\/home\\\/2023\\\/10\\\/16\\\/podcast-estudio-recital-15-de-octubre\\\/\",\"url\":\"https:\\\/\\\/radiorecital.net\\\/home\\\/2023\\\/10\\\/16\\\/podcast-estudio-recital-15-de-octubre\\\/\",\"name\":\"Estudio Recital \u2013 15 de Octubre | Radio Recital\",\"isPartOf\":{\"@id\":\"https:\\\/\\\/radiorecital.net\\\/home\\\/#website\"},\"primaryImageOfPage\":{\"@id\":\"https:\\\/\\\/radiorecital.net\\\/home\\\/2023\\\/10\\\/16\\\/podcast-estudio-recital-15-de-octubre\\\/#primaryimage\"},\"image\":{\"@id\":\"https:\\\/\\\/radiorecital.net\\\/home\\\/2023\\\/10\\\/16\\\/podcast-estudio-recital-15-de-octubre\\\/#primaryimage\"},\"thumbnailUrl\":\"https:\\\/\\\/radiorecital.net\\\/home\\\/wp-content\\\/uploads\\\/2023\\\/12\\\/estudio.png\",\"datePublished\":\"2023-10-16T05:07:26+00:00\",\"dateModified\":\"2025-03-16T05:14:09+00:00\",\"description\":\"En Estudio Recital todas las semanas nos reencontramos con las canciones, y la buena m\u00fasica que marc\u00f3 la m\u00fasica popular de todos los tiempos.\",\"breadcrumb\":{\"@id\":\"https:\\\/\\\/radiorecital.net\\\/home\\\/2023\\\/10\\\/16\\\/podcast-estudio-recital-15-de-octubre\\\/#breadcrumb\"},\"inLanguage\":\"es\",\"potentialAction\":[{\"@type\":\"ReadAction\",\"target\":[\"https:\\\/\\\/radiorecital.net\\\/home\\\/2023\\\/10\\\/16\\\/podcast-estudio-recital-15-de-octubre\\\/\"]}]},{\"@type\":\"ImageObject\",\"inLanguage\":\"es\",\"@id\":\"https:\\\/\\\/radiorecital.net\\\/home\\\/2023\\\/10\\\/16\\\/podcast-estudio-recital-15-de-octubre\\\/#primaryimage\",\"url\":\"https:\\\/\\\/radiorecital.net\\\/home\\\/wp-content\\\/uploads\\\/2023\\\/12\\\/estudio.png\",\"contentUrl\":\"https:\\\/\\\/radiorecital.net\\\/home\\\/wp-content\\\/uploads\\\/2023\\\/12\\\/estudio.png\",\"width\":1113,\"height\":584,\"caption\":\"Estudio Recital, el programa musical que te ofrece los mejores especiales musicales de los domingos\"},{\"@type\":\"BreadcrumbList\",\"@id\":\"https:\\\/\\\/radiorecital.net\\\/home\\\/2023\\\/10\\\/16\\\/podcast-estudio-recital-15-de-octubre\\\/#breadcrumb\",\"itemListElement\":[{\"@type\":\"ListItem\",\"position\":1,\"name\":\"Portada\",\"item\":\"https:\\\/\\\/radiorecital.net\\\/home\\\/\"},{\"@type\":\"ListItem\",\"position\":2,\"name\":\"Estudio Recital \u2013 15 de Octubre\"}]},{\"@type\":\"WebSite\",\"@id\":\"https:\\\/\\\/radiorecital.net\\\/home\\\/#website\",\"url\":\"https:\\\/\\\/radiorecital.net\\\/home\\\/\",\"name\":\"Radio Recital\",\"description\":\"Donde vive la buena m\u00fasica\",\"publisher\":{\"@id\":\"https:\\\/\\\/radiorecital.net\\\/home\\\/#organization\"},\"alternateName\":\"Recital\",\"potentialAction\":[{\"@type\":\"SearchAction\",\"target\":{\"@type\":\"EntryPoint\",\"urlTemplate\":\"https:\\\/\\\/radiorecital.net\\\/home\\\/?s={search_term_string}\"},\"query-input\":{\"@type\":\"PropertyValueSpecification\",\"valueRequired\":true,\"valueName\":\"search_term_string\"}}],\"inLanguage\":\"es\"},{\"@type\":\"Organization\",\"@id\":\"https:\\\/\\\/radiorecital.net\\\/home\\\/#organization\",\"name\":\"Radio Recital\",\"alternateName\":\"Recital\",\"url\":\"https:\\\/\\\/radiorecital.net\\\/home\\\/\",\"logo\":{\"@type\":\"ImageObject\",\"inLanguage\":\"es\",\"@id\":\"https:\\\/\\\/radiorecital.net\\\/home\\\/#\\\/schema\\\/logo\\\/image\\\/\",\"url\":\"https:\\\/\\\/radiorecital.net\\\/home\\\/wp-content\\\/uploads\\\/2023\\\/08\\\/cropped-logo-web.avif\",\"contentUrl\":\"https:\\\/\\\/radiorecital.net\\\/home\\\/wp-content\\\/uploads\\\/2023\\\/08\\\/cropped-logo-web.avif\",\"width\":350,\"height\":100,\"caption\":\"Radio Recital\"},\"image\":{\"@id\":\"https:\\\/\\\/radiorecital.net\\\/home\\\/#\\\/schema\\\/logo\\\/image\\\/\"},\"sameAs\":[\"https:\\\/\\\/www.facebook.com\\\/radiorecital\",\"https:\\\/\\\/x.com\\\/radiorecital\",\"https:\\\/\\\/www.twitch.tv\\\/radiorecital\",\"https:\\\/\\\/open.spotify.com\\\/user\\\/s67u6ltf7qsyj64doukwz5kxu\"]},{\"@type\":\"Person\",\"@id\":\"https:\\\/\\\/radiorecital.net\\\/home\\\/#\\\/schema\\\/person\\\/99e2bfb58c646d342d061c023de0994e\",\"name\":\"Radio Recital\",\"image\":{\"@type\":\"ImageObject\",\"inLanguage\":\"es\",\"@id\":\"https:\\\/\\\/secure.gravatar.com\\\/avatar\\\/258e1264b7db9f688b80233503ced7bfdf065923ca996a5c58a77af9bec9961a?s=96&d=mm&r=g\",\"url\":\"https:\\\/\\\/secure.gravatar.com\\\/avatar\\\/258e1264b7db9f688b80233503ced7bfdf065923ca996a5c58a77af9bec9961a?s=96&d=mm&r=g\",\"contentUrl\":\"https:\\\/\\\/secure.gravatar.com\\\/avatar\\\/258e1264b7db9f688b80233503ced7bfdf065923ca996a5c58a77af9bec9961a?s=96&d=mm&r=g\",\"caption\":\"Radio Recital\"},\"sameAs\":[\"http:\\\/\\\/radiorecital.net\\\/home\"],\"url\":\"https:\\\/\\\/radiorecital.net\\\/home\\\/author\\\/admin_recital\\\/\"}]}<\/script>\n<!-- \/ Yoast SEO plugin. -->","yoast_head_json":{"title":"Estudio Recital \u2013 15 de Octubre | Radio Recital","description":"En Estudio Recital todas las semanas nos reencontramos con las canciones, y la buena m\u00fasica que marc\u00f3 la m\u00fasica popular de todos los tiempos.","robots":{"index":"index","follow":"follow","max-snippet":"max-snippet:-1","max-image-preview":"max-image-preview:large","max-video-preview":"max-video-preview:-1"},"canonical":"https:\/\/radiorecital.net\/home\/2023\/10\/16\/podcast-estudio-recital-15-de-octubre\/","og_locale":"es_ES","og_type":"article","og_title":"[PODCAST] Estudio Recital \u2013 15 de Octubre","og_description":"Grandes an\u00e9cdotas, Grandes canciones. En Estudio Recital todas las semanas nos reencontramos con las canciones, y la buena m\u00fasica que marc\u00f3 la m\u00fasica popular de todos los tiempos. Con la conducci\u00f3n de Crist\u00f3bal Abello.","og_url":"https:\/\/radiorecital.net\/home\/2023\/10\/16\/podcast-estudio-recital-15-de-octubre\/","og_site_name":"Radio Recital","article_publisher":"https:\/\/www.facebook.com\/radiorecital","article_published_time":"2023-10-16T05:07:26+00:00","article_modified_time":"2025-03-16T05:14:09+00:00","og_image":[{"width":2048,"height":1280,"url":"https:\/\/radiorecital.net\/home\/wp-content\/uploads\/2023\/07\/estudio-nota.jpg","type":"image\/jpeg"}],"author":"Radio Recital","twitter_card":"summary_large_image","twitter_title":"[PODCAST] Estudio Recital \u2013 15 de Octubre","twitter_description":"Grandes an\u00e9cdotas, Grandes canciones. En Estudio Recital todas las semanas nos reencontramos con las canciones, y la buena m\u00fasica que marc\u00f3 la m\u00fasica popular de todos los tiempos. Con la conducci\u00f3n de Crist\u00f3bal Abello.","twitter_image":"https:\/\/radiorecital.net\/home\/wp-content\/uploads\/2023\/07\/estudio-nota.jpg","twitter_creator":"@radiorecital","twitter_site":"@radiorecital","twitter_misc":{"Escrito por":"Radio Recital","Tiempo de lectura":"2 minutos"},"schema":{"@context":"https:\/\/schema.org","@graph":[{"@type":"Article","@id":"https:\/\/radiorecital.net\/home\/2023\/10\/16\/podcast-estudio-recital-15-de-octubre\/#article","isPartOf":{"@id":"https:\/\/radiorecital.net\/home\/2023\/10\/16\/podcast-estudio-recital-15-de-octubre\/"},"author":{"name":"Radio Recital","@id":"https:\/\/radiorecital.net\/home\/#\/schema\/person\/99e2bfb58c646d342d061c023de0994e"},"headline":"Estudio Recital \u2013 15 de Octubre","datePublished":"2023-10-16T05:07:26+00:00","dateModified":"2025-03-16T05:14:09+00:00","mainEntityOfPage":{"@id":"https:\/\/radiorecital.net\/home\/2023\/10\/16\/podcast-estudio-recital-15-de-octubre\/"},"wordCount":229,"publisher":{"@id":"https:\/\/radiorecital.net\/home\/#organization"},"image":{"@id":"https:\/\/radiorecital.net\/home\/2023\/10\/16\/podcast-estudio-recital-15-de-octubre\/#primaryimage"},"thumbnailUrl":"https:\/\/radiorecital.net\/home\/wp-content\/uploads\/2023\/12\/estudio.png","articleSection":["Estudio Recital","Podcast"],"inLanguage":"es"},{"@type":"WebPage","@id":"https:\/\/radiorecital.net\/home\/2023\/10\/16\/podcast-estudio-recital-15-de-octubre\/","url":"https:\/\/radiorecital.net\/home\/2023\/10\/16\/podcast-estudio-recital-15-de-octubre\/","name":"Estudio Recital \u2013 15 de Octubre | Radio Recital","isPartOf":{"@id":"https:\/\/radiorecital.net\/home\/#website"},"primaryImageOfPage":{"@id":"https:\/\/radiorecital.net\/home\/2023\/10\/16\/podcast-estudio-recital-15-de-octubre\/#primaryimage"},"image":{"@id":"https:\/\/radiorecital.net\/home\/2023\/10\/16\/podcast-estudio-recital-15-de-octubre\/#primaryimage"},"thumbnailUrl":"https:\/\/radiorecital.net\/home\/wp-content\/uploads\/2023\/12\/estudio.png","datePublished":"2023-10-16T05:07:26+00:00","dateModified":"2025-03-16T05:14:09+00:00","description":"En Estudio Recital todas las semanas nos reencontramos con las canciones, y la buena m\u00fasica que marc\u00f3 la m\u00fasica popular de todos los tiempos.","breadcrumb":{"@id":"https:\/\/radiorecital.net\/home\/2023\/10\/16\/podcast-estudio-recital-15-de-octubre\/#breadcrumb"},"inLanguage":"es","potentialAction":[{"@type":"ReadAction","target":["https:\/\/radiorecital.net\/home\/2023\/10\/16\/podcast-estudio-recital-15-de-octubre\/"]}]},{"@type":"ImageObject","inLanguage":"es","@id":"https:\/\/radiorecital.net\/home\/2023\/10\/16\/podcast-estudio-recital-15-de-octubre\/#primaryimage","url":"https:\/\/radiorecital.net\/home\/wp-content\/uploads\/2023\/12\/estudio.png","contentUrl":"https:\/\/radiorecital.net\/home\/wp-content\/uploads\/2023\/12\/estudio.png","width":1113,"height":584,"caption":"Estudio Recital, el programa musical que te ofrece los mejores especiales musicales de los domingos"},{"@type":"BreadcrumbList","@id":"https:\/\/radiorecital.net\/home\/2023\/10\/16\/podcast-estudio-recital-15-de-octubre\/#breadcrumb","itemListElement":[{"@type":"ListItem","position":1,"name":"Portada","item":"https:\/\/radiorecital.net\/home\/"},{"@type":"ListItem","position":2,"name":"Estudio Recital \u2013 15 de Octubre"}]},{"@type":"WebSite","@id":"https:\/\/radiorecital.net\/home\/#website","url":"https:\/\/radiorecital.net\/home\/","name":"Radio Recital","description":"Donde vive la buena m\u00fasica","publisher":{"@id":"https:\/\/radiorecital.net\/home\/#organization"},"alternateName":"Recital","potentialAction":[{"@type":"SearchAction","target":{"@type":"EntryPoint","urlTemplate":"https:\/\/radiorecital.net\/home\/?s={search_term_string}"},"query-input":{"@type":"PropertyValueSpecification","valueRequired":true,"valueName":"search_term_string"}}],"inLanguage":"es"},{"@type":"Organization","@id":"https:\/\/radiorecital.net\/home\/#organization","name":"Radio Recital","alternateName":"Recital","url":"https:\/\/radiorecital.net\/home\/","logo":{"@type":"ImageObject","inLanguage":"es","@id":"https:\/\/radiorecital.net\/home\/#\/schema\/logo\/image\/","url":"https:\/\/radiorecital.net\/home\/wp-content\/uploads\/2023\/08\/cropped-logo-web.avif","contentUrl":"https:\/\/radiorecital.net\/home\/wp-content\/uploads\/2023\/08\/cropped-logo-web.avif","width":350,"height":100,"caption":"Radio Recital"},"image":{"@id":"https:\/\/radiorecital.net\/home\/#\/schema\/logo\/image\/"},"sameAs":["https:\/\/www.facebook.com\/radiorecital","https:\/\/x.com\/radiorecital","https:\/\/www.twitch.tv\/radiorecital","https:\/\/open.spotify.com\/user\/s67u6ltf7qsyj64doukwz5kxu"]},{"@type":"Person","@id":"https:\/\/radiorecital.net\/home\/#\/schema\/person\/99e2bfb58c646d342d061c023de0994e","name":"Radio Recital","image":{"@type":"ImageObject","inLanguage":"es","@id":"https:\/\/secure.gravatar.com\/avatar\/258e1264b7db9f688b80233503ced7bfdf065923ca996a5c58a77af9bec9961a?s=96&d=mm&r=g","url":"https:\/\/secure.gravatar.com\/avatar\/258e1264b7db9f688b80233503ced7bfdf065923ca996a5c58a77af9bec9961a?s=96&d=mm&r=g","contentUrl":"https:\/\/secure.gravatar.com\/avatar\/258e1264b7db9f688b80233503ced7bfdf065923ca996a5c58a77af9bec9961a?s=96&d=mm&r=g","caption":"Radio Recital"},"sameAs":["http:\/\/radiorecital.net\/home"],"url":"https:\/\/radiorecital.net\/home\/author\/admin_recital\/"}]}},"_links":{"self":[{"href":"https:\/\/radiorecital.net\/home\/wp-json\/wp\/v2\/posts\/1106","targetHints":{"allow":["GET"]}}],"collection":[{"href":"https:\/\/radiorecital.net\/home\/wp-json\/wp\/v2\/posts"}],"about":[{"href":"https:\/\/radiorecital.net\/home\/wp-json\/wp\/v2\/types\/post"}],"author":[{"embeddable":true,"href":"https:\/\/radiorecital.net\/home\/wp-json\/wp\/v2\/users\/1"}],"replies":[{"embeddable":true,"href":"https:\/\/radiorecital.net\/home\/wp-json\/wp\/v2\/comments?post=1106"}],"version-history":[{"count":8,"href":"https:\/\/radiorecital.net\/home\/wp-json\/wp\/v2\/posts\/1106\/revisions"}],"predecessor-version":[{"id":3654,"href":"https:\/\/radiorecital.net\/home\/wp-json\/wp\/v2\/posts\/1106\/revisions\/3654"}],"wp:featuredmedia":[{"embeddable":true,"href":"https:\/\/radiorecital.net\/home\/wp-json\/wp\/v2\/media\/1747"}],"wp:attachment":[{"href":"https:\/\/radiorecital.net\/home\/wp-json\/wp\/v2\/media?parent=1106"}],"wp:term":[{"taxonomy":"category","embeddable":true,"href":"https:\/\/radiorecital.net\/home\/wp-json\/wp\/v2\/categories?post=1106"},{"taxonomy":"post_tag","embeddable":true,"href":"https:\/\/radiorecital.net\/home\/wp-json\/wp\/v2\/tags?post=1106"}],"curies":[{"name":"wp","href":"https:\/\/api.w.org\/{rel}","templated":true}]}}