{"id":1021,"date":"2023-09-02T06:33:45","date_gmt":"2023-09-02T04:33:45","guid":{"rendered":"https:\/\/radiorecital.net\/home\/?p=1021"},"modified":"2025-03-11T05:49:58","modified_gmt":"2025-03-11T04:49:58","slug":"estreno-este-domingo-no-se-pierda-estudio-recital","status":"publish","type":"post","link":"https:\/\/radiorecital.net\/home\/2023\/09\/02\/estreno-este-domingo-no-se-pierda-estudio-recital\/","title":{"rendered":"Estudio Recital se estrena este Domingo en Radio Recital"},"content":{"rendered":"\n<p>Radio Recital estrena un nuevo programa, se trata de Estudio Recital. Todos los detalles en la siguiente nota.<\/p>\n\n\n\n<!--more-->\n\n\n\n<p>Grandes historias, grandes an\u00e9cdotas, grandes canciones&#8230; Ese es el concepto de Estudio Recital, el nuevo programa de Radio Recital que ir\u00e1 todos los domingos en 3 horarios: 16:00, 23:00 y 03:00 GMT. <\/p>\n\n\n\n<p>Ya lo sabe, este domingo no se pierda el estreno del primer capitulo de Estudio Recital, solo en Radio Recital, donde vive la buena m\u00fasica. Y recuerde revisar habitualmente nuestra <strong>\u00a0<a href=\"https:\/\/radiorecital.net\/home\/programacion\/\">programaci\u00f3n<\/a><\/strong>\u00a0semanal.<\/p>\n\n\n\n<p>Estudio Recital se retransmite en vivo todos los Domingos a las 15:00 y 23:00 hora GMT donde nos reencontramos con las canciones, que marcaron la m\u00fasica popular de todos los tiempos. Siempre en vivo de costa a costa por la sinton\u00eda internacional de <a href=\"https:\/\/www.radiorecital.net\"><strong>Radio Recital<\/strong><\/a>, donde vive la buena m\u00fasica.<\/p>\n\n\n\n<p><em><strong>Escuche en directo Radio Recital, la radio donde vive la buena m\u00fasica. Si lo desea&nbsp;<em><strong>puede<\/strong><\/em>&nbsp;escuchar nuestra se\u00f1al en su dispositivos m\u00f3viles, puede hacerlo en nuestra&nbsp;<a href=\"https:\/\/play.google.com\/store\/apps\/details?id=radio.recital\">aplicaci\u00f3n para Android<\/a>. Si su dispositivo es IOS, puede usar la aplicaci\u00f3n de&nbsp;<a href=\"https:\/\/music.apple.com\/cl\/station\/radio-recital\/ra.1461611869?ls\">Apple Music<\/a>&nbsp;y tambi\u00e9n la aplicaci\u00f3n&nbsp;<a href=\"http:\/\/tun.in\/sfwa3\">Tune In Radio<\/a><\/strong><\/em>&nbsp;<strong>ambas disponibles para dispositivos Iphone.<\/strong><\/p>\n\n\n\n<p><em><strong>Y recuerde, en www.radiorecital.net encuentra siempre las mejores historias, el entretenimiento y, sobre todo, la buena m\u00fasica y los grandes cl\u00e1sicos de la m\u00fasica universal que no puede encontrar en otro lugar.<\/strong><\/em><\/p>\n\n\n\n<p><\/p>\n","protected":false},"excerpt":{"rendered":"<p>Radio Recital estrena un nuevo programa, se trata de Estudio Recital. Todos los detalles en la siguiente nota.<\/p>\n","protected":false},"author":1,"featured_media":179,"comment_status":"closed","ping_status":"closed","sticky":false,"template":"","format":"standard","meta":{"site-sidebar-layout":"right-sidebar","site-content-layout":"","ast-site-content-layout":"narrow-width-container","site-content-style":"boxed","site-sidebar-style":"boxed","ast-global-header-display":"","ast-banner-title-visibility":"","ast-main-header-display":"","ast-hfb-above-header-display":"","ast-hfb-below-header-display":"","ast-hfb-mobile-header-display":"","site-post-title":"","ast-breadcrumbs-content":"","ast-featured-img":"","footer-sml-layout":"","ast-disable-related-posts":"","theme-transparent-header-meta":"","adv-header-id-meta":"","stick-header-meta":"","header-above-stick-meta":"","header-main-stick-meta":"","header-below-stick-meta":"","astra-migrate-meta-layouts":"set","ast-page-background-enabled":"default","ast-page-background-meta":{"desktop":{"background-color":"","background-image":"","background-repeat":"repeat","background-position":"center center","background-size":"auto","background-attachment":"scroll","background-type":"","background-media":"","overlay-type":"","overlay-color":"","overlay-opacity":"","overlay-gradient":""},"tablet":{"background-color":"","background-image":"","background-repeat":"repeat","background-position":"center center","background-size":"auto","background-attachment":"scroll","background-type":"","background-media":"","overlay-type":"","overlay-color":"","overlay-opacity":"","overlay-gradient":""},"mobile":{"background-color":"","background-image":"","background-repeat":"repeat","background-position":"center center","background-size":"auto","background-attachment":"scroll","background-type":"","background-media":"","overlay-type":"","overlay-color":"","overlay-opacity":"","overlay-gradient":""}},"ast-content-background-meta":{"desktop":{"background-color":"var(--ast-global-color-5)","background-image":"","background-repeat":"repeat","background-position":"center center","background-size":"auto","background-attachment":"scroll","background-type":"","background-media":"","overlay-type":"","overlay-color":"","overlay-opacity":"","overlay-gradient":""},"tablet":{"background-color":"var(--ast-global-color-5)","background-image":"","background-repeat":"repeat","background-position":"center center","background-size":"auto","background-attachment":"scroll","background-type":"","background-media":"","overlay-type":"","overlay-color":"","overlay-opacity":"","overlay-gradient":""},"mobile":{"background-color":"var(--ast-global-color-5)","background-image":"","background-repeat":"repeat","background-position":"center center","background-size":"auto","background-attachment":"scroll","background-type":"","background-media":"","overlay-type":"","overlay-color":"","overlay-opacity":"","overlay-gradient":""}},"_FSMCFIC_featured_image_caption":"","_FSMCFIC_featured_image_nocaption":"","_FSMCFIC_featured_image_hide":"","footnotes":""},"categories":[16,9,4],"tags":[],"class_list":["post-1021","post","type-post","status-publish","format-standard","has-post-thumbnail","hentry","category-estrec","category-institucional","category-podcast"],"yoast_head":"<!-- This site is optimized with the Yoast SEO plugin v27.4 - https:\/\/yoast.com\/product\/yoast-seo-wordpress\/ -->\n<title>Estudio Recital se estrena este Domingo en Radio Recital | Radio Recital<\/title>\n<meta name=\"description\" content=\"Radio Recital estrena un nuevo programa, se trata de Estudio Recital. Todos los detalles en la siguiente nota.\" \/>\n<meta name=\"robots\" content=\"index, follow, max-snippet:-1, max-image-preview:large, max-video-preview:-1\" \/>\n<link rel=\"canonical\" href=\"https:\/\/radiorecital.net\/home\/2023\/09\/02\/estreno-este-domingo-no-se-pierda-estudio-recital\/\" \/>\n<meta property=\"og:locale\" content=\"es_ES\" \/>\n<meta property=\"og:type\" content=\"article\" \/>\n<meta property=\"og:title\" content=\"[ESTRENO] Este Domingo, no se pierda Estudio Recital\" \/>\n<meta property=\"og:description\" content=\"Radio Recital estrena un nuevo programa, se trata de Estudio Recital. Todos los detalles en la siguiente nota.\" \/>\n<meta property=\"og:url\" content=\"https:\/\/radiorecital.net\/home\/2023\/09\/02\/estreno-este-domingo-no-se-pierda-estudio-recital\/\" \/>\n<meta property=\"og:site_name\" content=\"Radio Recital\" \/>\n<meta property=\"article:publisher\" content=\"https:\/\/www.facebook.com\/radiorecital\" \/>\n<meta property=\"article:published_time\" content=\"2023-09-02T04:33:45+00:00\" \/>\n<meta property=\"article:modified_time\" content=\"2025-03-11T04:49:58+00:00\" \/>\n<meta property=\"og:image\" content=\"https:\/\/radiorecital.net\/home\/wp-content\/uploads\/2023\/07\/estudio-nota.jpg\" \/>\n\t<meta property=\"og:image:width\" content=\"2048\" \/>\n\t<meta property=\"og:image:height\" content=\"1280\" \/>\n\t<meta property=\"og:image:type\" content=\"image\/jpeg\" \/>\n<meta name=\"author\" content=\"Radio Recital\" \/>\n<meta name=\"twitter:card\" content=\"summary_large_image\" \/>\n<meta name=\"twitter:title\" content=\"[ESTRENO] Este Domingo, no se pierda Estudio Recital\" \/>\n<meta name=\"twitter:description\" content=\"Radio Recital estrena un nuevo programa, se trata de Estudio Recital. Todos los detalles en la siguiente nota.\" \/>\n<meta name=\"twitter:image\" content=\"https:\/\/radiorecital.net\/home\/wp-content\/uploads\/2023\/07\/estudio-nota.jpg\" \/>\n<meta name=\"twitter:creator\" content=\"@radiorecital\" \/>\n<meta name=\"twitter:site\" content=\"@radiorecital\" \/>\n<meta name=\"twitter:label1\" content=\"Escrito por\" \/>\n\t<meta name=\"twitter:data1\" content=\"Radio Recital\" \/>\n\t<meta name=\"twitter:label2\" content=\"Tiempo de lectura\" \/>\n\t<meta name=\"twitter:data2\" content=\"2 minutos\" \/>\n<script type=\"application\/ld+json\" class=\"yoast-schema-graph\">{\"@context\":\"https:\\\/\\\/schema.org\",\"@graph\":[{\"@type\":\"Article\",\"@id\":\"https:\\\/\\\/radiorecital.net\\\/home\\\/2023\\\/09\\\/02\\\/estreno-este-domingo-no-se-pierda-estudio-recital\\\/#article\",\"isPartOf\":{\"@id\":\"https:\\\/\\\/radiorecital.net\\\/home\\\/2023\\\/09\\\/02\\\/estreno-este-domingo-no-se-pierda-estudio-recital\\\/\"},\"author\":{\"name\":\"Radio Recital\",\"@id\":\"https:\\\/\\\/radiorecital.net\\\/home\\\/#\\\/schema\\\/person\\\/99e2bfb58c646d342d061c023de0994e\"},\"headline\":\"Estudio Recital se estrena este Domingo en Radio Recital\",\"datePublished\":\"2023-09-02T04:33:45+00:00\",\"dateModified\":\"2025-03-11T04:49:58+00:00\",\"mainEntityOfPage\":{\"@id\":\"https:\\\/\\\/radiorecital.net\\\/home\\\/2023\\\/09\\\/02\\\/estreno-este-domingo-no-se-pierda-estudio-recital\\\/\"},\"wordCount\":246,\"publisher\":{\"@id\":\"https:\\\/\\\/radiorecital.net\\\/home\\\/#organization\"},\"image\":{\"@id\":\"https:\\\/\\\/radiorecital.net\\\/home\\\/2023\\\/09\\\/02\\\/estreno-este-domingo-no-se-pierda-estudio-recital\\\/#primaryimage\"},\"thumbnailUrl\":\"https:\\\/\\\/radiorecital.net\\\/home\\\/wp-content\\\/uploads\\\/2023\\\/07\\\/estudio-nota.jpg\",\"articleSection\":[\"Estudio Recital\",\"Institucional\",\"Podcast\"],\"inLanguage\":\"es\"},{\"@type\":\"WebPage\",\"@id\":\"https:\\\/\\\/radiorecital.net\\\/home\\\/2023\\\/09\\\/02\\\/estreno-este-domingo-no-se-pierda-estudio-recital\\\/\",\"url\":\"https:\\\/\\\/radiorecital.net\\\/home\\\/2023\\\/09\\\/02\\\/estreno-este-domingo-no-se-pierda-estudio-recital\\\/\",\"name\":\"Estudio Recital se estrena este Domingo en Radio Recital | Radio Recital\",\"isPartOf\":{\"@id\":\"https:\\\/\\\/radiorecital.net\\\/home\\\/#website\"},\"primaryImageOfPage\":{\"@id\":\"https:\\\/\\\/radiorecital.net\\\/home\\\/2023\\\/09\\\/02\\\/estreno-este-domingo-no-se-pierda-estudio-recital\\\/#primaryimage\"},\"image\":{\"@id\":\"https:\\\/\\\/radiorecital.net\\\/home\\\/2023\\\/09\\\/02\\\/estreno-este-domingo-no-se-pierda-estudio-recital\\\/#primaryimage\"},\"thumbnailUrl\":\"https:\\\/\\\/radiorecital.net\\\/home\\\/wp-content\\\/uploads\\\/2023\\\/07\\\/estudio-nota.jpg\",\"datePublished\":\"2023-09-02T04:33:45+00:00\",\"dateModified\":\"2025-03-11T04:49:58+00:00\",\"description\":\"Radio Recital estrena un nuevo programa, se trata de Estudio Recital. Todos los detalles en la siguiente nota.\",\"breadcrumb\":{\"@id\":\"https:\\\/\\\/radiorecital.net\\\/home\\\/2023\\\/09\\\/02\\\/estreno-este-domingo-no-se-pierda-estudio-recital\\\/#breadcrumb\"},\"inLanguage\":\"es\",\"potentialAction\":[{\"@type\":\"ReadAction\",\"target\":[\"https:\\\/\\\/radiorecital.net\\\/home\\\/2023\\\/09\\\/02\\\/estreno-este-domingo-no-se-pierda-estudio-recital\\\/\"]}]},{\"@type\":\"ImageObject\",\"inLanguage\":\"es\",\"@id\":\"https:\\\/\\\/radiorecital.net\\\/home\\\/2023\\\/09\\\/02\\\/estreno-este-domingo-no-se-pierda-estudio-recital\\\/#primaryimage\",\"url\":\"https:\\\/\\\/radiorecital.net\\\/home\\\/wp-content\\\/uploads\\\/2023\\\/07\\\/estudio-nota.jpg\",\"contentUrl\":\"https:\\\/\\\/radiorecital.net\\\/home\\\/wp-content\\\/uploads\\\/2023\\\/07\\\/estudio-nota.jpg\",\"width\":2048,\"height\":1280,\"caption\":\"Estudio Recital, el programa musical que te ofrece los mejores especiales musicales de los domingos\"},{\"@type\":\"BreadcrumbList\",\"@id\":\"https:\\\/\\\/radiorecital.net\\\/home\\\/2023\\\/09\\\/02\\\/estreno-este-domingo-no-se-pierda-estudio-recital\\\/#breadcrumb\",\"itemListElement\":[{\"@type\":\"ListItem\",\"position\":1,\"name\":\"Portada\",\"item\":\"https:\\\/\\\/radiorecital.net\\\/home\\\/\"},{\"@type\":\"ListItem\",\"position\":2,\"name\":\"Estudio Recital se estrena este Domingo en Radio Recital\"}]},{\"@type\":\"WebSite\",\"@id\":\"https:\\\/\\\/radiorecital.net\\\/home\\\/#website\",\"url\":\"https:\\\/\\\/radiorecital.net\\\/home\\\/\",\"name\":\"Radio Recital\",\"description\":\"Donde vive la buena m\u00fasica\",\"publisher\":{\"@id\":\"https:\\\/\\\/radiorecital.net\\\/home\\\/#organization\"},\"alternateName\":\"Recital\",\"potentialAction\":[{\"@type\":\"SearchAction\",\"target\":{\"@type\":\"EntryPoint\",\"urlTemplate\":\"https:\\\/\\\/radiorecital.net\\\/home\\\/?s={search_term_string}\"},\"query-input\":{\"@type\":\"PropertyValueSpecification\",\"valueRequired\":true,\"valueName\":\"search_term_string\"}}],\"inLanguage\":\"es\"},{\"@type\":\"Organization\",\"@id\":\"https:\\\/\\\/radiorecital.net\\\/home\\\/#organization\",\"name\":\"Radio Recital\",\"alternateName\":\"Recital\",\"url\":\"https:\\\/\\\/radiorecital.net\\\/home\\\/\",\"logo\":{\"@type\":\"ImageObject\",\"inLanguage\":\"es\",\"@id\":\"https:\\\/\\\/radiorecital.net\\\/home\\\/#\\\/schema\\\/logo\\\/image\\\/\",\"url\":\"https:\\\/\\\/radiorecital.net\\\/home\\\/wp-content\\\/uploads\\\/2023\\\/08\\\/cropped-logo-web.avif\",\"contentUrl\":\"https:\\\/\\\/radiorecital.net\\\/home\\\/wp-content\\\/uploads\\\/2023\\\/08\\\/cropped-logo-web.avif\",\"width\":350,\"height\":100,\"caption\":\"Radio Recital\"},\"image\":{\"@id\":\"https:\\\/\\\/radiorecital.net\\\/home\\\/#\\\/schema\\\/logo\\\/image\\\/\"},\"sameAs\":[\"https:\\\/\\\/www.facebook.com\\\/radiorecital\",\"https:\\\/\\\/x.com\\\/radiorecital\",\"https:\\\/\\\/www.twitch.tv\\\/radiorecital\",\"https:\\\/\\\/open.spotify.com\\\/user\\\/s67u6ltf7qsyj64doukwz5kxu\"]},{\"@type\":\"Person\",\"@id\":\"https:\\\/\\\/radiorecital.net\\\/home\\\/#\\\/schema\\\/person\\\/99e2bfb58c646d342d061c023de0994e\",\"name\":\"Radio Recital\",\"image\":{\"@type\":\"ImageObject\",\"inLanguage\":\"es\",\"@id\":\"https:\\\/\\\/secure.gravatar.com\\\/avatar\\\/258e1264b7db9f688b80233503ced7bfdf065923ca996a5c58a77af9bec9961a?s=96&d=mm&r=g\",\"url\":\"https:\\\/\\\/secure.gravatar.com\\\/avatar\\\/258e1264b7db9f688b80233503ced7bfdf065923ca996a5c58a77af9bec9961a?s=96&d=mm&r=g\",\"contentUrl\":\"https:\\\/\\\/secure.gravatar.com\\\/avatar\\\/258e1264b7db9f688b80233503ced7bfdf065923ca996a5c58a77af9bec9961a?s=96&d=mm&r=g\",\"caption\":\"Radio Recital\"},\"sameAs\":[\"http:\\\/\\\/radiorecital.net\\\/home\"],\"url\":\"https:\\\/\\\/radiorecital.net\\\/home\\\/author\\\/admin_recital\\\/\"}]}<\/script>\n<!-- \/ Yoast SEO plugin. -->","yoast_head_json":{"title":"Estudio Recital se estrena este Domingo en Radio Recital | Radio Recital","description":"Radio Recital estrena un nuevo programa, se trata de Estudio Recital. Todos los detalles en la siguiente nota.","robots":{"index":"index","follow":"follow","max-snippet":"max-snippet:-1","max-image-preview":"max-image-preview:large","max-video-preview":"max-video-preview:-1"},"canonical":"https:\/\/radiorecital.net\/home\/2023\/09\/02\/estreno-este-domingo-no-se-pierda-estudio-recital\/","og_locale":"es_ES","og_type":"article","og_title":"[ESTRENO] Este Domingo, no se pierda Estudio Recital","og_description":"Radio Recital estrena un nuevo programa, se trata de Estudio Recital. Todos los detalles en la siguiente nota.","og_url":"https:\/\/radiorecital.net\/home\/2023\/09\/02\/estreno-este-domingo-no-se-pierda-estudio-recital\/","og_site_name":"Radio Recital","article_publisher":"https:\/\/www.facebook.com\/radiorecital","article_published_time":"2023-09-02T04:33:45+00:00","article_modified_time":"2025-03-11T04:49:58+00:00","og_image":[{"width":2048,"height":1280,"url":"https:\/\/radiorecital.net\/home\/wp-content\/uploads\/2023\/07\/estudio-nota.jpg","type":"image\/jpeg"}],"author":"Radio Recital","twitter_card":"summary_large_image","twitter_title":"[ESTRENO] Este Domingo, no se pierda Estudio Recital","twitter_description":"Radio Recital estrena un nuevo programa, se trata de Estudio Recital. Todos los detalles en la siguiente nota.","twitter_image":"https:\/\/radiorecital.net\/home\/wp-content\/uploads\/2023\/07\/estudio-nota.jpg","twitter_creator":"@radiorecital","twitter_site":"@radiorecital","twitter_misc":{"Escrito por":"Radio Recital","Tiempo de lectura":"2 minutos"},"schema":{"@context":"https:\/\/schema.org","@graph":[{"@type":"Article","@id":"https:\/\/radiorecital.net\/home\/2023\/09\/02\/estreno-este-domingo-no-se-pierda-estudio-recital\/#article","isPartOf":{"@id":"https:\/\/radiorecital.net\/home\/2023\/09\/02\/estreno-este-domingo-no-se-pierda-estudio-recital\/"},"author":{"name":"Radio Recital","@id":"https:\/\/radiorecital.net\/home\/#\/schema\/person\/99e2bfb58c646d342d061c023de0994e"},"headline":"Estudio Recital se estrena este Domingo en Radio Recital","datePublished":"2023-09-02T04:33:45+00:00","dateModified":"2025-03-11T04:49:58+00:00","mainEntityOfPage":{"@id":"https:\/\/radiorecital.net\/home\/2023\/09\/02\/estreno-este-domingo-no-se-pierda-estudio-recital\/"},"wordCount":246,"publisher":{"@id":"https:\/\/radiorecital.net\/home\/#organization"},"image":{"@id":"https:\/\/radiorecital.net\/home\/2023\/09\/02\/estreno-este-domingo-no-se-pierda-estudio-recital\/#primaryimage"},"thumbnailUrl":"https:\/\/radiorecital.net\/home\/wp-content\/uploads\/2023\/07\/estudio-nota.jpg","articleSection":["Estudio Recital","Institucional","Podcast"],"inLanguage":"es"},{"@type":"WebPage","@id":"https:\/\/radiorecital.net\/home\/2023\/09\/02\/estreno-este-domingo-no-se-pierda-estudio-recital\/","url":"https:\/\/radiorecital.net\/home\/2023\/09\/02\/estreno-este-domingo-no-se-pierda-estudio-recital\/","name":"Estudio Recital se estrena este Domingo en Radio Recital | Radio Recital","isPartOf":{"@id":"https:\/\/radiorecital.net\/home\/#website"},"primaryImageOfPage":{"@id":"https:\/\/radiorecital.net\/home\/2023\/09\/02\/estreno-este-domingo-no-se-pierda-estudio-recital\/#primaryimage"},"image":{"@id":"https:\/\/radiorecital.net\/home\/2023\/09\/02\/estreno-este-domingo-no-se-pierda-estudio-recital\/#primaryimage"},"thumbnailUrl":"https:\/\/radiorecital.net\/home\/wp-content\/uploads\/2023\/07\/estudio-nota.jpg","datePublished":"2023-09-02T04:33:45+00:00","dateModified":"2025-03-11T04:49:58+00:00","description":"Radio Recital estrena un nuevo programa, se trata de Estudio Recital. Todos los detalles en la siguiente nota.","breadcrumb":{"@id":"https:\/\/radiorecital.net\/home\/2023\/09\/02\/estreno-este-domingo-no-se-pierda-estudio-recital\/#breadcrumb"},"inLanguage":"es","potentialAction":[{"@type":"ReadAction","target":["https:\/\/radiorecital.net\/home\/2023\/09\/02\/estreno-este-domingo-no-se-pierda-estudio-recital\/"]}]},{"@type":"ImageObject","inLanguage":"es","@id":"https:\/\/radiorecital.net\/home\/2023\/09\/02\/estreno-este-domingo-no-se-pierda-estudio-recital\/#primaryimage","url":"https:\/\/radiorecital.net\/home\/wp-content\/uploads\/2023\/07\/estudio-nota.jpg","contentUrl":"https:\/\/radiorecital.net\/home\/wp-content\/uploads\/2023\/07\/estudio-nota.jpg","width":2048,"height":1280,"caption":"Estudio Recital, el programa musical que te ofrece los mejores especiales musicales de los domingos"},{"@type":"BreadcrumbList","@id":"https:\/\/radiorecital.net\/home\/2023\/09\/02\/estreno-este-domingo-no-se-pierda-estudio-recital\/#breadcrumb","itemListElement":[{"@type":"ListItem","position":1,"name":"Portada","item":"https:\/\/radiorecital.net\/home\/"},{"@type":"ListItem","position":2,"name":"Estudio Recital se estrena este Domingo en Radio Recital"}]},{"@type":"WebSite","@id":"https:\/\/radiorecital.net\/home\/#website","url":"https:\/\/radiorecital.net\/home\/","name":"Radio Recital","description":"Donde vive la buena m\u00fasica","publisher":{"@id":"https:\/\/radiorecital.net\/home\/#organization"},"alternateName":"Recital","potentialAction":[{"@type":"SearchAction","target":{"@type":"EntryPoint","urlTemplate":"https:\/\/radiorecital.net\/home\/?s={search_term_string}"},"query-input":{"@type":"PropertyValueSpecification","valueRequired":true,"valueName":"search_term_string"}}],"inLanguage":"es"},{"@type":"Organization","@id":"https:\/\/radiorecital.net\/home\/#organization","name":"Radio Recital","alternateName":"Recital","url":"https:\/\/radiorecital.net\/home\/","logo":{"@type":"ImageObject","inLanguage":"es","@id":"https:\/\/radiorecital.net\/home\/#\/schema\/logo\/image\/","url":"https:\/\/radiorecital.net\/home\/wp-content\/uploads\/2023\/08\/cropped-logo-web.avif","contentUrl":"https:\/\/radiorecital.net\/home\/wp-content\/uploads\/2023\/08\/cropped-logo-web.avif","width":350,"height":100,"caption":"Radio Recital"},"image":{"@id":"https:\/\/radiorecital.net\/home\/#\/schema\/logo\/image\/"},"sameAs":["https:\/\/www.facebook.com\/radiorecital","https:\/\/x.com\/radiorecital","https:\/\/www.twitch.tv\/radiorecital","https:\/\/open.spotify.com\/user\/s67u6ltf7qsyj64doukwz5kxu"]},{"@type":"Person","@id":"https:\/\/radiorecital.net\/home\/#\/schema\/person\/99e2bfb58c646d342d061c023de0994e","name":"Radio Recital","image":{"@type":"ImageObject","inLanguage":"es","@id":"https:\/\/secure.gravatar.com\/avatar\/258e1264b7db9f688b80233503ced7bfdf065923ca996a5c58a77af9bec9961a?s=96&d=mm&r=g","url":"https:\/\/secure.gravatar.com\/avatar\/258e1264b7db9f688b80233503ced7bfdf065923ca996a5c58a77af9bec9961a?s=96&d=mm&r=g","contentUrl":"https:\/\/secure.gravatar.com\/avatar\/258e1264b7db9f688b80233503ced7bfdf065923ca996a5c58a77af9bec9961a?s=96&d=mm&r=g","caption":"Radio Recital"},"sameAs":["http:\/\/radiorecital.net\/home"],"url":"https:\/\/radiorecital.net\/home\/author\/admin_recital\/"}]}},"_links":{"self":[{"href":"https:\/\/radiorecital.net\/home\/wp-json\/wp\/v2\/posts\/1021","targetHints":{"allow":["GET"]}}],"collection":[{"href":"https:\/\/radiorecital.net\/home\/wp-json\/wp\/v2\/posts"}],"about":[{"href":"https:\/\/radiorecital.net\/home\/wp-json\/wp\/v2\/types\/post"}],"author":[{"embeddable":true,"href":"https:\/\/radiorecital.net\/home\/wp-json\/wp\/v2\/users\/1"}],"replies":[{"embeddable":true,"href":"https:\/\/radiorecital.net\/home\/wp-json\/wp\/v2\/comments?post=1021"}],"version-history":[{"count":10,"href":"https:\/\/radiorecital.net\/home\/wp-json\/wp\/v2\/posts\/1021\/revisions"}],"predecessor-version":[{"id":3518,"href":"https:\/\/radiorecital.net\/home\/wp-json\/wp\/v2\/posts\/1021\/revisions\/3518"}],"wp:featuredmedia":[{"embeddable":true,"href":"https:\/\/radiorecital.net\/home\/wp-json\/wp\/v2\/media\/179"}],"wp:attachment":[{"href":"https:\/\/radiorecital.net\/home\/wp-json\/wp\/v2\/media?parent=1021"}],"wp:term":[{"taxonomy":"category","embeddable":true,"href":"https:\/\/radiorecital.net\/home\/wp-json\/wp\/v2\/categories?post=1021"},{"taxonomy":"post_tag","embeddable":true,"href":"https:\/\/radiorecital.net\/home\/wp-json\/wp\/v2\/tags?post=1021"}],"curies":[{"name":"wp","href":"https:\/\/api.w.org\/{rel}","templated":true}]}}